{"id":10192,"date":"2024-02-16T16:13:12","date_gmt":"2024-02-16T16:13:12","guid":{"rendered":"https:\/\/welcome-to-times-square.com\/?p=10192"},"modified":"2025-02-07T11:09:05","modified_gmt":"2025-02-07T11:09:05","slug":"temporal-en-nueva-york","status":"publish","type":"post","link":"https:\/\/welcome-to-times-square.com\/es\/temporal-en-nueva-york\/","title":{"rendered":"Temporal en Nueva York"},"content":{"rendered":"<p>El fen\u00f3meno meteorol\u00f3gico golpe\u00f3 este martes el noreste de Estados Unidos, provocando la mayor nevada en Manhattan en dos a\u00f1os.<\/p>\n<p>La gran tormenta invernal que lleg\u00f3 este martes al noreste de Estados Unidos se llev\u00f3 la vida de un hombre de 20 a\u00f1os que se estrell\u00f3 contra un poste el\u00e9ctrico mientras conduc\u00eda una moto de nieve en el municipio de Newberry, en el condado de York (Pensilvania).<\/p>\n<p>\u201cEn el momento del accidente, el \u00e1rea central de Pensilvania estaba experimentando una multitud de condiciones relacionadas con el clima debido a una tormenta invernal que dej\u00f3 \u00e1rboles derribados, l\u00edneas el\u00e9ctricas derribadas y condiciones de viaje peligrosas en toda el \u00e1rea\u201d, dijo la polic\u00eda de Newberry en un comunicado.<\/p>\n<p>Pensilvania, que experiment\u00f3 su mayor nevada en dos a\u00f1os, fue una de las \u00e1reas m\u00e1s afectadas por la tormenta, y las autoridades informaron que hab\u00edan respondido a 1.200 accidentes relacionados con el clima, que tambi\u00e9n dejaron a casi 140.000 personas sin electricidad. De manera similar, en el estado de Nueva Jersey se registraron m\u00e1s de 250 accidentes en la carretera, seg\u00fan el gobernador Phil Murphy.<\/p>\n<p>La ciudad de Nueva York tambi\u00e9n vivi\u00f3 una nevada hist\u00f3rica, y m\u00e1s de 7 cent\u00edmetros de nieve se acumularon en el ic\u00f3nico Central Park, poniendo fin a la \u2018sequ\u00eda\u2019 en la ciudad, que no hab\u00eda superado los 5 cent\u00edmetros de nieve en 744 d\u00edas, desde el 29 de enero de 2022.<\/p>\n<p>El alcalde Eric Adams recomend\u00f3 a los neoyorquinos quedarse en casa este martes, aunque muchos aprovecharon la ocasi\u00f3n para pasear por la ciudad y disfrutar de la nieve, que parec\u00eda una escena de pel\u00edcula. El alcalde Eric Adams dijo a los neoyorquinos que no subestimen la tormenta. \u201cDejemos que la Madre Naturaleza haga lo suyo\u201d, dijo. \u201cEl objetivo es mantener nuestras carreteras despejadas y esperamos que la gente use el transporte p\u00fablico o, mejor a\u00fan, que se quede en casa\u201d<\/p>\n<p>Adams public\u00f3 un video sobre su limitada visibilidad.<\/p>\n<p>El Departamento de Transporte de Pensilvania redujo temporalmente el l\u00edmite de velocidad en varias autopistas interestatales a 72 km\/h en la regi\u00f3n centro-este del estado debido a la tormenta. M\u00e1s de 1.000 vuelos fueron cancelados el martes por la ma\u00f1ana, principalmente en los aeropuertos de la ciudad de Nueva York y Boston. En toda la regi\u00f3n se produjeron accidentes de veh\u00edculos y varios estados prohibieron circular por las carreteras a los tractocamiones vac\u00edos y a los tractocamiones en t\u00e1ndem.<\/p>\n<p>Las aerol\u00edneas cancelaron m\u00e1s de 1.220 vuelos, incluido el 43% de todos los vuelos operados en el Aeropuerto Nacional LaGuardia y el 28% de los servicios en el Aeropuerto Newark, en el vecino estado de Nueva Jersey, junto con casi uno de cada cinco vuelos en el principal centro a\u00e9reo de Nueva York, el JFK, seg\u00fan el rastreador de aviaci\u00f3n Flight Aware.<\/p>\n<p>En Nueva York, las escuelas cerraron y \u201cm\u00e1s de un mill\u00f3n de estudiantes segu\u00edan las clases a distancia\u201d al final de la ma\u00f1ana, anunci\u00f3 Donald Banks, el responsable de educaci\u00f3n de la ciudad, en una conferencia de prensa.<\/p>\n<p>Es la primera vez en dos a\u00f1os que la nieve hace necesario el uso de quitanieves en la ciudad m\u00e1s poblada del pa\u00eds \u2013m\u00e1s de 8,5 millones de habitantes\u2013, seg\u00fan las autoridades.<\/p>\n<p>El Servicio Meteorol\u00f3gico Nacional (NWS) advirti\u00f3 de tormentas con \u201cfuertes vientos y nevadas intensas\u2026 que podr\u00edan da\u00f1ar \u00e1rboles, l\u00edneas el\u00e9ctricas y perturbar los desplazamientos\u201d, as\u00ed como \u201cinundaciones costeras\u201d, que podr\u00edan afectar a unos 32 millones de personas.<\/p>\n<p>Muchas zonas rurales del noreste quedaron completamente aisladas. Las m\u00e1quinas quitanieves intentaban despejar las carreteras mientras continuaba nevando intensamente con dificultades de visibilidad.<\/p>\n<p>El municipio de Hampton, en Nueva Jersey, recibi\u00f3 33 cent\u00edmetros de nieve, mientras que Chester, en el norte del estado de Nueva York, recibi\u00f3 unos 30 cent\u00edmetros, seg\u00fan los meteor\u00f3logos.<\/p>\n<p>Las autoridades neoyorquinas advirtieron de un descenso de las temperaturas al final del d\u00eda que convertir\u00e1 la nieve en hielo, aumentando el riesgo de accidentes.<\/p>\n<p>En Manhattan, Central Park amaneci\u00f3 bajo una espesa capa blanca que anim\u00f3 a muchos a salir a disfrutar de este fen\u00f3meno que cada vez es menos frecuente debido al cambio clim\u00e1tico.<\/p>\n<p>La capa de nieve en la metr\u00f3poli podr\u00eda alcanzar entre 10 y 15 cent\u00edmetros durante el d\u00eda.<\/p>\n<p>La \u00faltima nevada en Nueva York se remonta al 16 de enero, tras pasar 700 d\u00edas sin esa precipitaci\u00f3n.<\/p>\n<p>El NWS anunci\u00f3 \u201cfuertes vientos y nevadas intensas\u2026 que podr\u00edan da\u00f1ar \u00e1rboles, l\u00edneas el\u00e9ctricas e interrumpir los viajes\u201d. \u201cSe esperan inundaciones costeras a lo largo de partes de la costa este\u201d, dijo.<\/p>\n<p>En Navidad de 2022, la llamada \u201cventisca del siglo\u201d dej\u00f3 m\u00e1s de un metro de nieve en el norte y el oeste del vasto estado de Nueva York, en gran parte rural, causando decenas de muertes. Muchas muertes se produjeron en la ciudad de Buffalo, en la frontera con Canad\u00e1 y a cientos de kil\u00f3metros al noroeste de la \u2018Gran Manzana\u2019.<\/p>\n<p>Tenemos el precio imbatible de $500 por d\u00eda para tu Billboard:<\/p>\n<p><strong>Opci\u00f3n 1:<\/strong> Tu video\/foto de 60 segundos se mostrar\u00e1, 60 segundos por hora, 22 veces al d\u00eda.<\/p>\n<p><strong>Opci\u00f3n 2:<\/strong> Tu video\/foto de 30 segundos se mostrar\u00e1, dos veces por hora, 44 veces al d\u00eda.<\/p>\n<p><strong>Opci\u00f3n 3:<\/strong> Tu video\/foto de 15 segundos se mostrar\u00e1 4 veces por hora, 88 veces al d\u00eda.<\/p>\n<p>Por favor, h\u00e1ganos saber qu\u00e9 opci\u00f3n le gustar\u00eda elegir. Recuerda que tenemos un tiempo de respuesta de 72 horas.<\/p>\n","protected":false},"excerpt":{"rendered":"El fen\u00f3meno meteorol\u00f3gico golpe\u00f3 este martes el noreste de Estados Unidos, provocando la mayor nevada en Manhattan en dos a\u00f1os. La gran tormenta invernal que lleg\u00f3 este martes al noreste de Estados Unidos se llev\u00f3 la vida de un hombre de 20 a\u00f1os que se estrell\u00f3 contra un poste el\u00e9ctrico mientras conduc\u00eda una moto de [...]<a href=\"https:\/\/welcome-to-times-square.com\/es\/temporal-en-nueva-york\/\" class=\"read-more wyz-secondary-color-text\">read more<span class=\"screen-reader-text\">Temporal en Nueva York<\/span><\/a>","protected":false},"author":53,"featured_media":8266,"comment_status":"open","ping_status":"open","sticky":false,"template":"","format":"standard","meta":{"footnotes":""},"categories":[164],"tags":[],"class_list":["post-10192","post","type-post","status-publish","format-standard","has-post-thumbnail","hentry","category-blog-es"],"yoast_head":"<!-- This site is optimized with the Yoast SEO plugin v27.2 - https:\/\/yoast.com\/product\/yoast-seo-wordpress\/ -->\n<title>Temporal en Nueva York - times-square<\/title>\n<meta name=\"description\" content=\"El fen\u00f3meno meteorol\u00f3gico golpe\u00f3 este martes el noreste de Estados Unidos, provocando la mayor nevada en Manhattan en dos a\u00f1os.\" \/>\n<meta name=\"robots\" content=\"index, follow, max-snippet:-1, max-image-preview:large, max-video-preview:-1\" \/>\n<link rel=\"canonical\" href=\"https:\/\/welcome-to-times-square.com\/es\/temporal-en-nueva-york\/\" \/>\n<meta property=\"og:locale\" content=\"es_ES\" \/>\n<meta property=\"og:type\" content=\"article\" \/>\n<meta property=\"og:title\" content=\"Temporal en Nueva York - times-square\" \/>\n<meta property=\"og:description\" content=\"El fen\u00f3meno meteorol\u00f3gico golpe\u00f3 este martes el noreste de Estados Unidos, provocando la mayor nevada en Manhattan en dos a\u00f1os.\" \/>\n<meta property=\"og:url\" content=\"https:\/\/welcome-to-times-square.com\/es\/temporal-en-nueva-york\/\" \/>\n<meta property=\"og:site_name\" content=\"times-square\" \/>\n<meta property=\"article:published_time\" content=\"2024-02-16T16:13:12+00:00\" \/>\n<meta property=\"article:modified_time\" content=\"2025-02-07T11:09:05+00:00\" \/>\n<meta property=\"og:image\" content=\"https:\/\/welcome-to-times-square.com\/wp-content\/uploads\/2024\/02\/R.jpg\" \/>\n\t<meta property=\"og:image:width\" content=\"1200\" \/>\n\t<meta property=\"og:image:height\" content=\"630\" \/>\n\t<meta property=\"og:image:type\" content=\"image\/jpeg\" \/>\n<meta name=\"author\" content=\"Paolasinis\" \/>\n<meta name=\"twitter:card\" content=\"summary_large_image\" \/>\n<meta name=\"twitter:label1\" content=\"Escrito por\" \/>\n\t<meta name=\"twitter:data1\" content=\"Paolasinis\" \/>\n\t<meta name=\"twitter:label2\" content=\"Tiempo de lectura\" \/>\n\t<meta name=\"twitter:data2\" content=\"5 minutos\" \/>\n<script type=\"application\/ld+json\" class=\"yoast-schema-graph\">{\"@context\":\"https:\/\/schema.org\",\"@graph\":[{\"@type\":\"Article\",\"@id\":\"https:\/\/welcome-to-times-square.com\/es\/temporal-en-nueva-york\/#article\",\"isPartOf\":{\"@id\":\"https:\/\/welcome-to-times-square.com\/es\/temporal-en-nueva-york\/\"},\"author\":{\"name\":\"Paolasinis\",\"@id\":\"https:\/\/welcome-to-times-square.com\/es\/#\/schema\/person\/bfe994acba17ba48e1ad8e944a1b43f9\"},\"headline\":\"Temporal en Nueva York\",\"datePublished\":\"2024-02-16T16:13:12+00:00\",\"dateModified\":\"2025-02-07T11:09:05+00:00\",\"mainEntityOfPage\":{\"@id\":\"https:\/\/welcome-to-times-square.com\/es\/temporal-en-nueva-york\/\"},\"wordCount\":947,\"commentCount\":0,\"publisher\":{\"@id\":\"https:\/\/welcome-to-times-square.com\/es\/#organization\"},\"image\":{\"@id\":\"https:\/\/welcome-to-times-square.com\/es\/temporal-en-nueva-york\/#primaryimage\"},\"thumbnailUrl\":\"https:\/\/welcome-to-times-square.com\/wp-content\/uploads\/2024\/02\/R.jpg\",\"articleSection\":[\"Blog\"],\"inLanguage\":\"es\",\"potentialAction\":[{\"@type\":\"CommentAction\",\"name\":\"Comment\",\"target\":[\"https:\/\/welcome-to-times-square.com\/es\/temporal-en-nueva-york\/#respond\"]}]},{\"@type\":\"WebPage\",\"@id\":\"https:\/\/welcome-to-times-square.com\/es\/temporal-en-nueva-york\/\",\"url\":\"https:\/\/welcome-to-times-square.com\/es\/temporal-en-nueva-york\/\",\"name\":\"Temporal en Nueva York - times-square\",\"isPartOf\":{\"@id\":\"https:\/\/welcome-to-times-square.com\/es\/#website\"},\"primaryImageOfPage\":{\"@id\":\"https:\/\/welcome-to-times-square.com\/es\/temporal-en-nueva-york\/#primaryimage\"},\"image\":{\"@id\":\"https:\/\/welcome-to-times-square.com\/es\/temporal-en-nueva-york\/#primaryimage\"},\"thumbnailUrl\":\"https:\/\/welcome-to-times-square.com\/wp-content\/uploads\/2024\/02\/R.jpg\",\"datePublished\":\"2024-02-16T16:13:12+00:00\",\"dateModified\":\"2025-02-07T11:09:05+00:00\",\"description\":\"El fen\u00f3meno meteorol\u00f3gico golpe\u00f3 este martes el noreste de Estados Unidos, provocando la mayor nevada en Manhattan en dos a\u00f1os.\",\"breadcrumb\":{\"@id\":\"https:\/\/welcome-to-times-square.com\/es\/temporal-en-nueva-york\/#breadcrumb\"},\"inLanguage\":\"es\",\"potentialAction\":[{\"@type\":\"ReadAction\",\"target\":[\"https:\/\/welcome-to-times-square.com\/es\/temporal-en-nueva-york\/\"]}]},{\"@type\":\"ImageObject\",\"inLanguage\":\"es\",\"@id\":\"https:\/\/welcome-to-times-square.com\/es\/temporal-en-nueva-york\/#primaryimage\",\"url\":\"https:\/\/welcome-to-times-square.com\/wp-content\/uploads\/2024\/02\/R.jpg\",\"contentUrl\":\"https:\/\/welcome-to-times-square.com\/wp-content\/uploads\/2024\/02\/R.jpg\",\"width\":1200,\"height\":630,\"caption\":\"Temporary in New York\"},{\"@type\":\"BreadcrumbList\",\"@id\":\"https:\/\/welcome-to-times-square.com\/es\/temporal-en-nueva-york\/#breadcrumb\",\"itemListElement\":[{\"@type\":\"ListItem\",\"position\":1,\"name\":\"Home\",\"item\":\"https:\/\/welcome-to-times-square.com\/es\/\"},{\"@type\":\"ListItem\",\"position\":2,\"name\":\"Temporal en Nueva York\"}]},{\"@type\":\"WebSite\",\"@id\":\"https:\/\/welcome-to-times-square.com\/es\/#website\",\"url\":\"https:\/\/welcome-to-times-square.com\/es\/\",\"name\":\"times-square\",\"description\":\"times-square\",\"publisher\":{\"@id\":\"https:\/\/welcome-to-times-square.com\/es\/#organization\"},\"potentialAction\":[{\"@type\":\"SearchAction\",\"target\":{\"@type\":\"EntryPoint\",\"urlTemplate\":\"https:\/\/welcome-to-times-square.com\/es\/?s={search_term_string}\"},\"query-input\":{\"@type\":\"PropertyValueSpecification\",\"valueRequired\":true,\"valueName\":\"search_term_string\"}}],\"inLanguage\":\"es\"},{\"@type\":\"Organization\",\"@id\":\"https:\/\/welcome-to-times-square.com\/es\/#organization\",\"name\":\"times-square\",\"url\":\"https:\/\/welcome-to-times-square.com\/es\/\",\"logo\":{\"@type\":\"ImageObject\",\"inLanguage\":\"es\",\"@id\":\"https:\/\/welcome-to-times-square.com\/es\/#\/schema\/logo\/image\/\",\"url\":\"https:\/\/welcome-to-times-square.com\/wp-content\/uploads\/2024\/03\/welcome-to-time-square-logo-with-r.png\",\"contentUrl\":\"https:\/\/welcome-to-times-square.com\/wp-content\/uploads\/2024\/03\/welcome-to-time-square-logo-with-r.png\",\"width\":500,\"height\":342,\"caption\":\"times-square\"},\"image\":{\"@id\":\"https:\/\/welcome-to-times-square.com\/es\/#\/schema\/logo\/image\/\"}},{\"@type\":\"Person\",\"@id\":\"https:\/\/welcome-to-times-square.com\/es\/#\/schema\/person\/bfe994acba17ba48e1ad8e944a1b43f9\",\"name\":\"Paolasinis\",\"image\":{\"@type\":\"ImageObject\",\"inLanguage\":\"es\",\"@id\":\"https:\/\/secure.gravatar.com\/avatar\/a404602c8bcf24fd7781c896a2a21fb17e94b4bd4bec366ad138c02ba5f3b035?s=96&d=mm&r=g\",\"url\":\"https:\/\/secure.gravatar.com\/avatar\/a404602c8bcf24fd7781c896a2a21fb17e94b4bd4bec366ad138c02ba5f3b035?s=96&d=mm&r=g\",\"contentUrl\":\"https:\/\/secure.gravatar.com\/avatar\/a404602c8bcf24fd7781c896a2a21fb17e94b4bd4bec366ad138c02ba5f3b035?s=96&d=mm&r=g\",\"caption\":\"Paolasinis\"},\"url\":\"https:\/\/welcome-to-times-square.com\/es\/author\/paolasinis\/\"}]}<\/script>\n<!-- \/ Yoast SEO plugin. -->","yoast_head_json":{"title":"Temporal en Nueva York - times-square","description":"El fen\u00f3meno meteorol\u00f3gico golpe\u00f3 este martes el noreste de Estados Unidos, provocando la mayor nevada en Manhattan en dos a\u00f1os.","robots":{"index":"index","follow":"follow","max-snippet":"max-snippet:-1","max-image-preview":"max-image-preview:large","max-video-preview":"max-video-preview:-1"},"canonical":"https:\/\/welcome-to-times-square.com\/es\/temporal-en-nueva-york\/","og_locale":"es_ES","og_type":"article","og_title":"Temporal en Nueva York - times-square","og_description":"El fen\u00f3meno meteorol\u00f3gico golpe\u00f3 este martes el noreste de Estados Unidos, provocando la mayor nevada en Manhattan en dos a\u00f1os.","og_url":"https:\/\/welcome-to-times-square.com\/es\/temporal-en-nueva-york\/","og_site_name":"times-square","article_published_time":"2024-02-16T16:13:12+00:00","article_modified_time":"2025-02-07T11:09:05+00:00","og_image":[{"width":1200,"height":630,"url":"https:\/\/welcome-to-times-square.com\/wp-content\/uploads\/2024\/02\/R.jpg","type":"image\/jpeg"}],"author":"Paolasinis","twitter_card":"summary_large_image","twitter_misc":{"Escrito por":"Paolasinis","Tiempo de lectura":"5 minutos"},"schema":{"@context":"https:\/\/schema.org","@graph":[{"@type":"Article","@id":"https:\/\/welcome-to-times-square.com\/es\/temporal-en-nueva-york\/#article","isPartOf":{"@id":"https:\/\/welcome-to-times-square.com\/es\/temporal-en-nueva-york\/"},"author":{"name":"Paolasinis","@id":"https:\/\/welcome-to-times-square.com\/es\/#\/schema\/person\/bfe994acba17ba48e1ad8e944a1b43f9"},"headline":"Temporal en Nueva York","datePublished":"2024-02-16T16:13:12+00:00","dateModified":"2025-02-07T11:09:05+00:00","mainEntityOfPage":{"@id":"https:\/\/welcome-to-times-square.com\/es\/temporal-en-nueva-york\/"},"wordCount":947,"commentCount":0,"publisher":{"@id":"https:\/\/welcome-to-times-square.com\/es\/#organization"},"image":{"@id":"https:\/\/welcome-to-times-square.com\/es\/temporal-en-nueva-york\/#primaryimage"},"thumbnailUrl":"https:\/\/welcome-to-times-square.com\/wp-content\/uploads\/2024\/02\/R.jpg","articleSection":["Blog"],"inLanguage":"es","potentialAction":[{"@type":"CommentAction","name":"Comment","target":["https:\/\/welcome-to-times-square.com\/es\/temporal-en-nueva-york\/#respond"]}]},{"@type":"WebPage","@id":"https:\/\/welcome-to-times-square.com\/es\/temporal-en-nueva-york\/","url":"https:\/\/welcome-to-times-square.com\/es\/temporal-en-nueva-york\/","name":"Temporal en Nueva York - times-square","isPartOf":{"@id":"https:\/\/welcome-to-times-square.com\/es\/#website"},"primaryImageOfPage":{"@id":"https:\/\/welcome-to-times-square.com\/es\/temporal-en-nueva-york\/#primaryimage"},"image":{"@id":"https:\/\/welcome-to-times-square.com\/es\/temporal-en-nueva-york\/#primaryimage"},"thumbnailUrl":"https:\/\/welcome-to-times-square.com\/wp-content\/uploads\/2024\/02\/R.jpg","datePublished":"2024-02-16T16:13:12+00:00","dateModified":"2025-02-07T11:09:05+00:00","description":"El fen\u00f3meno meteorol\u00f3gico golpe\u00f3 este martes el noreste de Estados Unidos, provocando la mayor nevada en Manhattan en dos a\u00f1os.","breadcrumb":{"@id":"https:\/\/welcome-to-times-square.com\/es\/temporal-en-nueva-york\/#breadcrumb"},"inLanguage":"es","potentialAction":[{"@type":"ReadAction","target":["https:\/\/welcome-to-times-square.com\/es\/temporal-en-nueva-york\/"]}]},{"@type":"ImageObject","inLanguage":"es","@id":"https:\/\/welcome-to-times-square.com\/es\/temporal-en-nueva-york\/#primaryimage","url":"https:\/\/welcome-to-times-square.com\/wp-content\/uploads\/2024\/02\/R.jpg","contentUrl":"https:\/\/welcome-to-times-square.com\/wp-content\/uploads\/2024\/02\/R.jpg","width":1200,"height":630,"caption":"Temporary in New York"},{"@type":"BreadcrumbList","@id":"https:\/\/welcome-to-times-square.com\/es\/temporal-en-nueva-york\/#breadcrumb","itemListElement":[{"@type":"ListItem","position":1,"name":"Home","item":"https:\/\/welcome-to-times-square.com\/es\/"},{"@type":"ListItem","position":2,"name":"Temporal en Nueva York"}]},{"@type":"WebSite","@id":"https:\/\/welcome-to-times-square.com\/es\/#website","url":"https:\/\/welcome-to-times-square.com\/es\/","name":"times-square","description":"times-square","publisher":{"@id":"https:\/\/welcome-to-times-square.com\/es\/#organization"},"potentialAction":[{"@type":"SearchAction","target":{"@type":"EntryPoint","urlTemplate":"https:\/\/welcome-to-times-square.com\/es\/?s={search_term_string}"},"query-input":{"@type":"PropertyValueSpecification","valueRequired":true,"valueName":"search_term_string"}}],"inLanguage":"es"},{"@type":"Organization","@id":"https:\/\/welcome-to-times-square.com\/es\/#organization","name":"times-square","url":"https:\/\/welcome-to-times-square.com\/es\/","logo":{"@type":"ImageObject","inLanguage":"es","@id":"https:\/\/welcome-to-times-square.com\/es\/#\/schema\/logo\/image\/","url":"https:\/\/welcome-to-times-square.com\/wp-content\/uploads\/2024\/03\/welcome-to-time-square-logo-with-r.png","contentUrl":"https:\/\/welcome-to-times-square.com\/wp-content\/uploads\/2024\/03\/welcome-to-time-square-logo-with-r.png","width":500,"height":342,"caption":"times-square"},"image":{"@id":"https:\/\/welcome-to-times-square.com\/es\/#\/schema\/logo\/image\/"}},{"@type":"Person","@id":"https:\/\/welcome-to-times-square.com\/es\/#\/schema\/person\/bfe994acba17ba48e1ad8e944a1b43f9","name":"Paolasinis","image":{"@type":"ImageObject","inLanguage":"es","@id":"https:\/\/secure.gravatar.com\/avatar\/a404602c8bcf24fd7781c896a2a21fb17e94b4bd4bec366ad138c02ba5f3b035?s=96&d=mm&r=g","url":"https:\/\/secure.gravatar.com\/avatar\/a404602c8bcf24fd7781c896a2a21fb17e94b4bd4bec366ad138c02ba5f3b035?s=96&d=mm&r=g","contentUrl":"https:\/\/secure.gravatar.com\/avatar\/a404602c8bcf24fd7781c896a2a21fb17e94b4bd4bec366ad138c02ba5f3b035?s=96&d=mm&r=g","caption":"Paolasinis"},"url":"https:\/\/welcome-to-times-square.com\/es\/author\/paolasinis\/"}]}},"_links":{"self":[{"href":"https:\/\/welcome-to-times-square.com\/es\/wp-json\/wp\/v2\/posts\/10192","targetHints":{"allow":["GET"]}}],"collection":[{"href":"https:\/\/welcome-to-times-square.com\/es\/wp-json\/wp\/v2\/posts"}],"about":[{"href":"https:\/\/welcome-to-times-square.com\/es\/wp-json\/wp\/v2\/types\/post"}],"author":[{"embeddable":true,"href":"https:\/\/welcome-to-times-square.com\/es\/wp-json\/wp\/v2\/users\/53"}],"replies":[{"embeddable":true,"href":"https:\/\/welcome-to-times-square.com\/es\/wp-json\/wp\/v2\/comments?post=10192"}],"version-history":[{"count":0,"href":"https:\/\/welcome-to-times-square.com\/es\/wp-json\/wp\/v2\/posts\/10192\/revisions"}],"wp:featuredmedia":[{"embeddable":true,"href":"https:\/\/welcome-to-times-square.com\/es\/wp-json\/wp\/v2\/media\/8266"}],"wp:attachment":[{"href":"https:\/\/welcome-to-times-square.com\/es\/wp-json\/wp\/v2\/media?parent=10192"}],"wp:term":[{"taxonomy":"category","embeddable":true,"href":"https:\/\/welcome-to-times-square.com\/es\/wp-json\/wp\/v2\/categories?post=10192"},{"taxonomy":"post_tag","embeddable":true,"href":"https:\/\/welcome-to-times-square.com\/es\/wp-json\/wp\/v2\/tags?post=10192"}],"curies":[{"name":"wp","href":"https:\/\/api.w.org\/{rel}","templated":true}]}}