{"id":11235,"date":"2023-10-05T21:22:10","date_gmt":"2023-10-05T21:22:10","guid":{"rendered":"https:\/\/welcome-to-times-square.com\/?p=11235"},"modified":"2025-02-25T10:18:58","modified_gmt":"2025-02-25T10:18:58","slug":"desfile-del-dia-de-la-republica-dominicana-2023","status":"publish","type":"post","link":"https:\/\/welcome-to-times-square.com\/es\/desfile-del-dia-de-la-republica-dominicana-2023\/","title":{"rendered":"Desfile del D\u00eda de la Rep\u00fablica Dominicana 2023"},"content":{"rendered":"<p>Este fin de semana se celebr\u00f3 en la ciudad de Nueva York el Dominican Day Parade 2023.<\/p>\n<p>El desfile dominicano comenz\u00f3 en Nueva York en 1982. Se dio a conocer con una serie de conciertos y actividades culturales organizadas por estadounidenses de origen dominicano.<\/p>\n<p>El desfile suele celebrarse el segundo domingo del mes, por lo que este 2023 se realiz\u00f3 el 13 de agosto.<\/p>\n<p>El tema del desfile dominicano de este a\u00f1o fue \u201cNuestra Historia, Nuestra Gente\u201d, para celebrar la cultura de la Rep\u00fablica Dominicana y su gente, as\u00ed como las importantes contribuciones que han hecho en diferentes campos.<\/p>\n<p>El desfile se dirigi\u00f3 hacia el norte por la Sexta Avenida desde la Calle 36 hasta la Calle 52, comenzando al mediod\u00eda y durando hasta las 4:00 p.m. Aunque ha habido otros desfiles en el Bronx, Queens y Brooklyn, este es el m\u00e1s grande, atrayendo a decenas de miles de personas.<\/p>\n<p>La formaci\u00f3n inici\u00f3 en las calles 36, 37, 38 entre Broadway y la 5ta Avenida y el recorrido contin\u00faa por la Sexta Avenida entre las calles 36 y 52. \u200b\u200bLa zona de dispersi\u00f3n es en la calle 52 entre las avenidas 5 y 7.<\/p>\n<p>El presidente de la Rep\u00fablica Dominicana, Luis Abinader, estuvo presente y fue reconocido como el Gran Mariscal. Esta fue la primera vez en la historia del desfile en la que particip\u00f3 el presidente del pa\u00eds.<\/p>\n<p>Otros homenajeados fueron la cantante dominicana Natti Natasha, quien fue reconocida como la Reina del Desfile, mientras que el DJ Adoni fue reconocido como el Rey.<\/p>\n<p>El empresario Antonio Cabrera fue reconocido como el Cacique de la Esperanza y la Banda Real: Los L\u00edderes fue reconocida como la Banda Internacional del A\u00f1o. Por otra parte, la actriz y modelo Celines Toribio fue homenajeada con el Premio a la Trayectoria.<\/p>\n<p>Desde tempranas horas de la ma\u00f1ana, miles de dominicanos comenzaron a llenar toda la Sexta Avenida de Nueva York. La comunidad dominicana en Nueva York es un mosaico diverso que abarca edades, estratos socioecon\u00f3micos y niveles educativos. El presidente de la Rep\u00fablica Dominicana, Luis Abinader, apareci\u00f3 con un fuerte operativo de seguridad junto a su esposa, Raquel Arbaje, y al inicio del recorrido subi\u00f3 al escenario para cortar el lazo inaugural y cantar los himnos estadounidense y dominicano.<\/p>\n<p>Luego avanz\u00f3 a pie por el centro de la v\u00eda, apodada la Avenida de las Am\u00e9ricas, rodeado de una delegaci\u00f3n de apoyo pol\u00edtico y saludando a la multitud, que ondeaba banderas dominicanas, luc\u00eda el s\u00edmbolo en gorras, camisetas y accesorios, y bailaba al son del merengue, la salsa, la bachata o el reguet\u00f3n.<\/p>\n<p>Una de las invitadas de honor mencionadas anteriormente fue precisamente la cantante Natti Natasha, quien contribuy\u00f3 a llenar de m\u00fasica las calles m\u00e1s all\u00e1 de la hora prevista, hasta media tarde, en una jornada que transcurri\u00f3 sin incidentes aunque algo lenta debido al sol y el fuerte calor.<\/p>\n<p>Abinader lleg\u00f3 el viernes a Nueva York con una agenda de varios d\u00edas que le ha llevado a reunirse con representantes de la comunidad dominicana y de las administraciones locales, y este mismo domingo anunci\u00f3 que su gobierno construir\u00e1 en la ciudad un museo dedicado a la cultura dominicana.<\/p>\n<p>Su presencia en esta ciudad, que concentra la mayor parte de la di\u00e1spora fuera de Rep\u00fablica Dominicana, cerca de un mill\u00f3n de personas, coincidi\u00f3 con la proximidad de las elecciones en el pa\u00eds, en las que es probable que vuelva a postularse como candidato por el Partido Revolucionario Moderno (PRM).<\/p>\n<p>Aunque el mandatario fue el protagonista del desfile, no fue el \u00fanico pol\u00edtico: estuvo acompa\u00f1ado por la gobernadora Kathy Hochul, el alcalde Eric Adams y el senador Adriano Espaillat, quien fue el primer dominicano elegido para una Asamblea estatal en EE.UU., y varios candidatos al congreso dominicano por el PRM.<\/p>\n<p>Precisamente este domingo, la gobernadora anunci\u00f3 que el Departamento de Servicios Financieros aprob\u00f3 una licencia para que el Banco de Reservas de la Rep\u00fablica Dominicana (Banreservas), el banco comercial m\u00e1s grande del pa\u00eds y que brinda servicios de remesas, abra una oficina de representaci\u00f3n en la ciudad.<\/p>\n<p>Sin embargo, la mayor\u00eda de quienes desfilaron en esta 41 edici\u00f3n del desfile fueron dominicanos comunes que se envolvieron en banderas, peque\u00f1os empresarios, bailarines con trajes folcl\u00f3ricos y muchos polic\u00edas locales de Nueva York que lucieron sus uniformes, todo bajo el lema \u201cNuestra historia, nuestra gente\u201d.<\/p>\n<p>Compa\u00f1\u00edas vistosas, m\u00fasica, gente bailando en la calle, disfraces y gente gritando \u201ccuatro a\u00f1os m\u00e1s\u201d fueron parte del ambiente que se sinti\u00f3 en la calle.<\/p>\n<p>Los dominicanos desafiaron las altas temperaturas y ni\u00f1os, adultos, ancianos y personas en sillas de ruedas posaron con sus banderas tricolores en sus manos.<\/p>\n<p>\u201cFelices y contentas. Estoy aqu\u00ed temprano para poder presenciar la participaci\u00f3n del presidente que caminar\u00e1 con nosotros por primera vez\u201d, expres\u00f3 Jacinta D\u00edaz. El desfile comenz\u00f3 a las 14:00 horas, una hora m\u00e1s tarde de lo previsto, y cont\u00f3 con la presencia de artistas y personalidades de Rep\u00fablica Dominicana.<\/p>\n<p>Tenemos el precio imbatible de $500 por d\u00eda para tu Billboard:<\/p>\n<p><strong>Opci\u00f3n 1:<\/strong> Tu video\/foto de 60 segundos se mostrar\u00e1, 60 segundos por hora, 22 veces al d\u00eda.<\/p>\n<p><strong>Opci\u00f3n 2:<\/strong> Tu video\/foto de 30 segundos se mostrar\u00e1, dos veces por hora, 44 veces al d\u00eda.<\/p>\n<p><strong>Opci\u00f3n 3:<\/strong> Tu video\/foto de 15 segundos se mostrar\u00e1 4 veces por hora, 88 veces al d\u00eda.<\/p>\n<p>Por favor, ind\u00edcanos qu\u00e9 opci\u00f3n te gustar\u00eda elegir. Recuerda que tenemos un tiempo de respuesta de 72 horas.<\/p>\n","protected":false},"excerpt":{"rendered":"Este fin de semana se celebr\u00f3 en la ciudad de Nueva York el Dominican Day Parade 2023. El desfile dominicano comenz\u00f3 en Nueva York en 1982. Se dio a conocer con una serie de conciertos y actividades culturales organizadas por estadounidenses de origen dominicano. El desfile suele celebrarse el segundo domingo del mes, por lo [...]<a href=\"https:\/\/welcome-to-times-square.com\/es\/desfile-del-dia-de-la-republica-dominicana-2023\/\" class=\"read-more wyz-secondary-color-text\">read more<span class=\"screen-reader-text\">Desfile del D\u00eda de la Rep\u00fablica Dominicana 2023<\/span><\/a>","protected":false},"author":53,"featured_media":7591,"comment_status":"open","ping_status":"open","sticky":false,"template":"","format":"standard","meta":{"footnotes":""},"categories":[164],"tags":[],"class_list":["post-11235","post","type-post","status-publish","format-standard","has-post-thumbnail","hentry","category-blog-es"],"yoast_head":"<!-- This site is optimized with the Yoast SEO plugin v27.2 - https:\/\/yoast.com\/product\/yoast-seo-wordpress\/ -->\n<title>Desfile del D\u00eda de la Rep\u00fablica Dominicana 2023 - times-square<\/title>\n<meta name=\"description\" content=\"Este fin de semana se celebr\u00f3 en la ciudad de Nueva York el Dominican Day Parade 2023.\" \/>\n<meta name=\"robots\" content=\"index, follow, max-snippet:-1, max-image-preview:large, max-video-preview:-1\" \/>\n<link rel=\"canonical\" href=\"https:\/\/welcome-to-times-square.com\/es\/desfile-del-dia-de-la-republica-dominicana-2023\/\" \/>\n<meta property=\"og:locale\" content=\"es_ES\" \/>\n<meta property=\"og:type\" content=\"article\" \/>\n<meta property=\"og:title\" content=\"Desfile del D\u00eda de la Rep\u00fablica Dominicana 2023 - times-square\" \/>\n<meta property=\"og:description\" content=\"Este fin de semana se celebr\u00f3 en la ciudad de Nueva York el Dominican Day Parade 2023.\" \/>\n<meta property=\"og:url\" content=\"https:\/\/welcome-to-times-square.com\/es\/desfile-del-dia-de-la-republica-dominicana-2023\/\" \/>\n<meta property=\"og:site_name\" content=\"times-square\" \/>\n<meta property=\"article:published_time\" content=\"2023-10-05T21:22:10+00:00\" \/>\n<meta property=\"article:modified_time\" content=\"2025-02-25T10:18:58+00:00\" \/>\n<meta property=\"og:image\" content=\"https:\/\/welcome-to-times-square.com\/wp-content\/uploads\/2023\/10\/Dominican-Day-Parade-2023.jpg\" \/>\n\t<meta property=\"og:image:width\" content=\"1920\" \/>\n\t<meta property=\"og:image:height\" content=\"1479\" \/>\n\t<meta property=\"og:image:type\" content=\"image\/jpeg\" \/>\n<meta name=\"author\" content=\"Paolasinis\" \/>\n<meta name=\"twitter:card\" content=\"summary_large_image\" \/>\n<meta name=\"twitter:label1\" content=\"Escrito por\" \/>\n\t<meta name=\"twitter:data1\" content=\"Paolasinis\" \/>\n\t<meta name=\"twitter:label2\" content=\"Tiempo de lectura\" \/>\n\t<meta name=\"twitter:data2\" content=\"5 minutos\" \/>\n<script type=\"application\/ld+json\" class=\"yoast-schema-graph\">{\"@context\":\"https:\/\/schema.org\",\"@graph\":[{\"@type\":\"Article\",\"@id\":\"https:\/\/welcome-to-times-square.com\/es\/desfile-del-dia-de-la-republica-dominicana-2023\/#article\",\"isPartOf\":{\"@id\":\"https:\/\/welcome-to-times-square.com\/es\/desfile-del-dia-de-la-republica-dominicana-2023\/\"},\"author\":{\"name\":\"Paolasinis\",\"@id\":\"https:\/\/welcome-to-times-square.com\/es\/#\/schema\/person\/bfe994acba17ba48e1ad8e944a1b43f9\"},\"headline\":\"Desfile del D\u00eda de la Rep\u00fablica Dominicana 2023\",\"datePublished\":\"2023-10-05T21:22:10+00:00\",\"dateModified\":\"2025-02-25T10:18:58+00:00\",\"mainEntityOfPage\":{\"@id\":\"https:\/\/welcome-to-times-square.com\/es\/desfile-del-dia-de-la-republica-dominicana-2023\/\"},\"wordCount\":939,\"commentCount\":0,\"publisher\":{\"@id\":\"https:\/\/welcome-to-times-square.com\/es\/#organization\"},\"image\":{\"@id\":\"https:\/\/welcome-to-times-square.com\/es\/desfile-del-dia-de-la-republica-dominicana-2023\/#primaryimage\"},\"thumbnailUrl\":\"https:\/\/welcome-to-times-square.com\/wp-content\/uploads\/2023\/10\/Dominican-Day-Parade-2023.jpg\",\"articleSection\":[\"Blog\"],\"inLanguage\":\"es\",\"potentialAction\":[{\"@type\":\"CommentAction\",\"name\":\"Comment\",\"target\":[\"https:\/\/welcome-to-times-square.com\/es\/desfile-del-dia-de-la-republica-dominicana-2023\/#respond\"]}]},{\"@type\":\"WebPage\",\"@id\":\"https:\/\/welcome-to-times-square.com\/es\/desfile-del-dia-de-la-republica-dominicana-2023\/\",\"url\":\"https:\/\/welcome-to-times-square.com\/es\/desfile-del-dia-de-la-republica-dominicana-2023\/\",\"name\":\"Desfile del D\u00eda de la Rep\u00fablica Dominicana 2023 - times-square\",\"isPartOf\":{\"@id\":\"https:\/\/welcome-to-times-square.com\/es\/#website\"},\"primaryImageOfPage\":{\"@id\":\"https:\/\/welcome-to-times-square.com\/es\/desfile-del-dia-de-la-republica-dominicana-2023\/#primaryimage\"},\"image\":{\"@id\":\"https:\/\/welcome-to-times-square.com\/es\/desfile-del-dia-de-la-republica-dominicana-2023\/#primaryimage\"},\"thumbnailUrl\":\"https:\/\/welcome-to-times-square.com\/wp-content\/uploads\/2023\/10\/Dominican-Day-Parade-2023.jpg\",\"datePublished\":\"2023-10-05T21:22:10+00:00\",\"dateModified\":\"2025-02-25T10:18:58+00:00\",\"description\":\"Este fin de semana se celebr\u00f3 en la ciudad de Nueva York el Dominican Day Parade 2023.\",\"breadcrumb\":{\"@id\":\"https:\/\/welcome-to-times-square.com\/es\/desfile-del-dia-de-la-republica-dominicana-2023\/#breadcrumb\"},\"inLanguage\":\"es\",\"potentialAction\":[{\"@type\":\"ReadAction\",\"target\":[\"https:\/\/welcome-to-times-square.com\/es\/desfile-del-dia-de-la-republica-dominicana-2023\/\"]}]},{\"@type\":\"ImageObject\",\"inLanguage\":\"es\",\"@id\":\"https:\/\/welcome-to-times-square.com\/es\/desfile-del-dia-de-la-republica-dominicana-2023\/#primaryimage\",\"url\":\"https:\/\/welcome-to-times-square.com\/wp-content\/uploads\/2023\/10\/Dominican-Day-Parade-2023.jpg\",\"contentUrl\":\"https:\/\/welcome-to-times-square.com\/wp-content\/uploads\/2023\/10\/Dominican-Day-Parade-2023.jpg\",\"width\":1920,\"height\":1479},{\"@type\":\"BreadcrumbList\",\"@id\":\"https:\/\/welcome-to-times-square.com\/es\/desfile-del-dia-de-la-republica-dominicana-2023\/#breadcrumb\",\"itemListElement\":[{\"@type\":\"ListItem\",\"position\":1,\"name\":\"Home\",\"item\":\"https:\/\/welcome-to-times-square.com\/es\/\"},{\"@type\":\"ListItem\",\"position\":2,\"name\":\"Desfile del D\u00eda de la Rep\u00fablica Dominicana 2023\"}]},{\"@type\":\"WebSite\",\"@id\":\"https:\/\/welcome-to-times-square.com\/es\/#website\",\"url\":\"https:\/\/welcome-to-times-square.com\/es\/\",\"name\":\"times-square\",\"description\":\"times-square\",\"publisher\":{\"@id\":\"https:\/\/welcome-to-times-square.com\/es\/#organization\"},\"potentialAction\":[{\"@type\":\"SearchAction\",\"target\":{\"@type\":\"EntryPoint\",\"urlTemplate\":\"https:\/\/welcome-to-times-square.com\/es\/?s={search_term_string}\"},\"query-input\":{\"@type\":\"PropertyValueSpecification\",\"valueRequired\":true,\"valueName\":\"search_term_string\"}}],\"inLanguage\":\"es\"},{\"@type\":\"Organization\",\"@id\":\"https:\/\/welcome-to-times-square.com\/es\/#organization\",\"name\":\"times-square\",\"url\":\"https:\/\/welcome-to-times-square.com\/es\/\",\"logo\":{\"@type\":\"ImageObject\",\"inLanguage\":\"es\",\"@id\":\"https:\/\/welcome-to-times-square.com\/es\/#\/schema\/logo\/image\/\",\"url\":\"https:\/\/welcome-to-times-square.com\/wp-content\/uploads\/2024\/03\/welcome-to-time-square-logo-with-r.png\",\"contentUrl\":\"https:\/\/welcome-to-times-square.com\/wp-content\/uploads\/2024\/03\/welcome-to-time-square-logo-with-r.png\",\"width\":500,\"height\":342,\"caption\":\"times-square\"},\"image\":{\"@id\":\"https:\/\/welcome-to-times-square.com\/es\/#\/schema\/logo\/image\/\"}},{\"@type\":\"Person\",\"@id\":\"https:\/\/welcome-to-times-square.com\/es\/#\/schema\/person\/bfe994acba17ba48e1ad8e944a1b43f9\",\"name\":\"Paolasinis\",\"image\":{\"@type\":\"ImageObject\",\"inLanguage\":\"es\",\"@id\":\"https:\/\/secure.gravatar.com\/avatar\/a404602c8bcf24fd7781c896a2a21fb17e94b4bd4bec366ad138c02ba5f3b035?s=96&d=mm&r=g\",\"url\":\"https:\/\/secure.gravatar.com\/avatar\/a404602c8bcf24fd7781c896a2a21fb17e94b4bd4bec366ad138c02ba5f3b035?s=96&d=mm&r=g\",\"contentUrl\":\"https:\/\/secure.gravatar.com\/avatar\/a404602c8bcf24fd7781c896a2a21fb17e94b4bd4bec366ad138c02ba5f3b035?s=96&d=mm&r=g\",\"caption\":\"Paolasinis\"},\"url\":\"https:\/\/welcome-to-times-square.com\/es\/author\/paolasinis\/\"}]}<\/script>\n<!-- \/ Yoast SEO plugin. -->","yoast_head_json":{"title":"Desfile del D\u00eda de la Rep\u00fablica Dominicana 2023 - times-square","description":"Este fin de semana se celebr\u00f3 en la ciudad de Nueva York el Dominican Day Parade 2023.","robots":{"index":"index","follow":"follow","max-snippet":"max-snippet:-1","max-image-preview":"max-image-preview:large","max-video-preview":"max-video-preview:-1"},"canonical":"https:\/\/welcome-to-times-square.com\/es\/desfile-del-dia-de-la-republica-dominicana-2023\/","og_locale":"es_ES","og_type":"article","og_title":"Desfile del D\u00eda de la Rep\u00fablica Dominicana 2023 - times-square","og_description":"Este fin de semana se celebr\u00f3 en la ciudad de Nueva York el Dominican Day Parade 2023.","og_url":"https:\/\/welcome-to-times-square.com\/es\/desfile-del-dia-de-la-republica-dominicana-2023\/","og_site_name":"times-square","article_published_time":"2023-10-05T21:22:10+00:00","article_modified_time":"2025-02-25T10:18:58+00:00","og_image":[{"width":1920,"height":1479,"url":"https:\/\/welcome-to-times-square.com\/wp-content\/uploads\/2023\/10\/Dominican-Day-Parade-2023.jpg","type":"image\/jpeg"}],"author":"Paolasinis","twitter_card":"summary_large_image","twitter_misc":{"Escrito por":"Paolasinis","Tiempo de lectura":"5 minutos"},"schema":{"@context":"https:\/\/schema.org","@graph":[{"@type":"Article","@id":"https:\/\/welcome-to-times-square.com\/es\/desfile-del-dia-de-la-republica-dominicana-2023\/#article","isPartOf":{"@id":"https:\/\/welcome-to-times-square.com\/es\/desfile-del-dia-de-la-republica-dominicana-2023\/"},"author":{"name":"Paolasinis","@id":"https:\/\/welcome-to-times-square.com\/es\/#\/schema\/person\/bfe994acba17ba48e1ad8e944a1b43f9"},"headline":"Desfile del D\u00eda de la Rep\u00fablica Dominicana 2023","datePublished":"2023-10-05T21:22:10+00:00","dateModified":"2025-02-25T10:18:58+00:00","mainEntityOfPage":{"@id":"https:\/\/welcome-to-times-square.com\/es\/desfile-del-dia-de-la-republica-dominicana-2023\/"},"wordCount":939,"commentCount":0,"publisher":{"@id":"https:\/\/welcome-to-times-square.com\/es\/#organization"},"image":{"@id":"https:\/\/welcome-to-times-square.com\/es\/desfile-del-dia-de-la-republica-dominicana-2023\/#primaryimage"},"thumbnailUrl":"https:\/\/welcome-to-times-square.com\/wp-content\/uploads\/2023\/10\/Dominican-Day-Parade-2023.jpg","articleSection":["Blog"],"inLanguage":"es","potentialAction":[{"@type":"CommentAction","name":"Comment","target":["https:\/\/welcome-to-times-square.com\/es\/desfile-del-dia-de-la-republica-dominicana-2023\/#respond"]}]},{"@type":"WebPage","@id":"https:\/\/welcome-to-times-square.com\/es\/desfile-del-dia-de-la-republica-dominicana-2023\/","url":"https:\/\/welcome-to-times-square.com\/es\/desfile-del-dia-de-la-republica-dominicana-2023\/","name":"Desfile del D\u00eda de la Rep\u00fablica Dominicana 2023 - times-square","isPartOf":{"@id":"https:\/\/welcome-to-times-square.com\/es\/#website"},"primaryImageOfPage":{"@id":"https:\/\/welcome-to-times-square.com\/es\/desfile-del-dia-de-la-republica-dominicana-2023\/#primaryimage"},"image":{"@id":"https:\/\/welcome-to-times-square.com\/es\/desfile-del-dia-de-la-republica-dominicana-2023\/#primaryimage"},"thumbnailUrl":"https:\/\/welcome-to-times-square.com\/wp-content\/uploads\/2023\/10\/Dominican-Day-Parade-2023.jpg","datePublished":"2023-10-05T21:22:10+00:00","dateModified":"2025-02-25T10:18:58+00:00","description":"Este fin de semana se celebr\u00f3 en la ciudad de Nueva York el Dominican Day Parade 2023.","breadcrumb":{"@id":"https:\/\/welcome-to-times-square.com\/es\/desfile-del-dia-de-la-republica-dominicana-2023\/#breadcrumb"},"inLanguage":"es","potentialAction":[{"@type":"ReadAction","target":["https:\/\/welcome-to-times-square.com\/es\/desfile-del-dia-de-la-republica-dominicana-2023\/"]}]},{"@type":"ImageObject","inLanguage":"es","@id":"https:\/\/welcome-to-times-square.com\/es\/desfile-del-dia-de-la-republica-dominicana-2023\/#primaryimage","url":"https:\/\/welcome-to-times-square.com\/wp-content\/uploads\/2023\/10\/Dominican-Day-Parade-2023.jpg","contentUrl":"https:\/\/welcome-to-times-square.com\/wp-content\/uploads\/2023\/10\/Dominican-Day-Parade-2023.jpg","width":1920,"height":1479},{"@type":"BreadcrumbList","@id":"https:\/\/welcome-to-times-square.com\/es\/desfile-del-dia-de-la-republica-dominicana-2023\/#breadcrumb","itemListElement":[{"@type":"ListItem","position":1,"name":"Home","item":"https:\/\/welcome-to-times-square.com\/es\/"},{"@type":"ListItem","position":2,"name":"Desfile del D\u00eda de la Rep\u00fablica Dominicana 2023"}]},{"@type":"WebSite","@id":"https:\/\/welcome-to-times-square.com\/es\/#website","url":"https:\/\/welcome-to-times-square.com\/es\/","name":"times-square","description":"times-square","publisher":{"@id":"https:\/\/welcome-to-times-square.com\/es\/#organization"},"potentialAction":[{"@type":"SearchAction","target":{"@type":"EntryPoint","urlTemplate":"https:\/\/welcome-to-times-square.com\/es\/?s={search_term_string}"},"query-input":{"@type":"PropertyValueSpecification","valueRequired":true,"valueName":"search_term_string"}}],"inLanguage":"es"},{"@type":"Organization","@id":"https:\/\/welcome-to-times-square.com\/es\/#organization","name":"times-square","url":"https:\/\/welcome-to-times-square.com\/es\/","logo":{"@type":"ImageObject","inLanguage":"es","@id":"https:\/\/welcome-to-times-square.com\/es\/#\/schema\/logo\/image\/","url":"https:\/\/welcome-to-times-square.com\/wp-content\/uploads\/2024\/03\/welcome-to-time-square-logo-with-r.png","contentUrl":"https:\/\/welcome-to-times-square.com\/wp-content\/uploads\/2024\/03\/welcome-to-time-square-logo-with-r.png","width":500,"height":342,"caption":"times-square"},"image":{"@id":"https:\/\/welcome-to-times-square.com\/es\/#\/schema\/logo\/image\/"}},{"@type":"Person","@id":"https:\/\/welcome-to-times-square.com\/es\/#\/schema\/person\/bfe994acba17ba48e1ad8e944a1b43f9","name":"Paolasinis","image":{"@type":"ImageObject","inLanguage":"es","@id":"https:\/\/secure.gravatar.com\/avatar\/a404602c8bcf24fd7781c896a2a21fb17e94b4bd4bec366ad138c02ba5f3b035?s=96&d=mm&r=g","url":"https:\/\/secure.gravatar.com\/avatar\/a404602c8bcf24fd7781c896a2a21fb17e94b4bd4bec366ad138c02ba5f3b035?s=96&d=mm&r=g","contentUrl":"https:\/\/secure.gravatar.com\/avatar\/a404602c8bcf24fd7781c896a2a21fb17e94b4bd4bec366ad138c02ba5f3b035?s=96&d=mm&r=g","caption":"Paolasinis"},"url":"https:\/\/welcome-to-times-square.com\/es\/author\/paolasinis\/"}]}},"_links":{"self":[{"href":"https:\/\/welcome-to-times-square.com\/es\/wp-json\/wp\/v2\/posts\/11235","targetHints":{"allow":["GET"]}}],"collection":[{"href":"https:\/\/welcome-to-times-square.com\/es\/wp-json\/wp\/v2\/posts"}],"about":[{"href":"https:\/\/welcome-to-times-square.com\/es\/wp-json\/wp\/v2\/types\/post"}],"author":[{"embeddable":true,"href":"https:\/\/welcome-to-times-square.com\/es\/wp-json\/wp\/v2\/users\/53"}],"replies":[{"embeddable":true,"href":"https:\/\/welcome-to-times-square.com\/es\/wp-json\/wp\/v2\/comments?post=11235"}],"version-history":[{"count":0,"href":"https:\/\/welcome-to-times-square.com\/es\/wp-json\/wp\/v2\/posts\/11235\/revisions"}],"wp:featuredmedia":[{"embeddable":true,"href":"https:\/\/welcome-to-times-square.com\/es\/wp-json\/wp\/v2\/media\/7591"}],"wp:attachment":[{"href":"https:\/\/welcome-to-times-square.com\/es\/wp-json\/wp\/v2\/media?parent=11235"}],"wp:term":[{"taxonomy":"category","embeddable":true,"href":"https:\/\/welcome-to-times-square.com\/es\/wp-json\/wp\/v2\/categories?post=11235"},{"taxonomy":"post_tag","embeddable":true,"href":"https:\/\/welcome-to-times-square.com\/es\/wp-json\/wp\/v2\/tags?post=11235"}],"curies":[{"name":"wp","href":"https:\/\/api.w.org\/{rel}","templated":true}]}}