{"id":11227,"date":"2023-10-05T21:22:10","date_gmt":"2023-10-05T21:22:10","guid":{"rendered":"https:\/\/welcome-to-times-square.com\/?p=11227"},"modified":"2025-02-25T09:23:27","modified_gmt":"2025-02-25T09:23:27","slug":"defile-de-la-journee-dominicaine-2023","status":"publish","type":"post","link":"https:\/\/welcome-to-times-square.com\/fr\/defile-de-la-journee-dominicaine-2023\/","title":{"rendered":"D\u00e9fil\u00e9 de la Journ\u00e9e dominicaine 2023"},"content":{"rendered":"<p>Ce week-end, la parade du Jour dominicain 2023 a eu lieu \u00e0 New York.<\/p>\n<p>La parade dominicaine a commenc\u00e9 \u00e0 New York en 1982. Elle s&rsquo;est fait conna\u00eetre gr\u00e2ce \u00e0 une s\u00e9rie de concerts et d&rsquo;activit\u00e9s culturelles organis\u00e9es par des Am\u00e9ricains d&rsquo;origine dominicaine.<\/p>\n<p>La parade a g\u00e9n\u00e9ralement lieu le deuxi\u00e8me dimanche du mois, donc celle de 2023 a eu lieu le 13 ao\u00fbt.<\/p>\n<p>Le th\u00e8me de la parade dominicaine de cette ann\u00e9e \u00e9tait \u00ab Notre histoire, notre peuple \u00bb, pour c\u00e9l\u00e9brer la culture de la R\u00e9publique dominicaine et de son peuple, ainsi que les contributions importantes qu&rsquo;ils ont apport\u00e9es dans diff\u00e9rents domaines.<\/p>\n<p>La parade s&rsquo;est dirig\u00e9e vers le nord sur la Sixi\u00e8me Avenue, de la 36e rue \u00e0 la 52e rue, commen\u00e7ant \u00e0 midi et se terminant \u00e0 16 heures. Bien qu&rsquo;il y ait eu d&rsquo;autres d\u00e9fil\u00e9s dans le Bronx, le Queens et Brooklyn, celui-ci est le plus grand, attirant des dizaines de milliers de personnes.<\/p>\n<p>La formation a commenc\u00e9 sur les rues 36, 37 et 38 entre Broadway et la 5e Avenue et le parcours continue le long de la Sixi\u00e8me Avenue entre les rues 36 et 52. La zone de dispersion se trouve sur la 52e Rue entre les 5e et 7e Avenues.<\/p>\n<p>Le pr\u00e9sident de la R\u00e9publique dominicaine, Luis Abinader, \u00e9tait pr\u00e9sent et a \u00e9t\u00e9 reconnu comme Grand Mar\u00e9chal. C&rsquo;\u00e9tait la premi\u00e8re fois dans l&rsquo;histoire du d\u00e9fil\u00e9 que le pr\u00e9sident du pays participait.<\/p>\n<p>Autres personnes honor\u00e9es : la chanteuse dominicaine Natti Natasha, qui a \u00e9t\u00e9 reconnue comme la Reine du D\u00e9fil\u00e9, tandis que DJ Adoni a \u00e9t\u00e9 reconnu comme le Roi.<\/p>\n<p>L&rsquo;homme d&rsquo;affaires Antonio Cabrera a \u00e9t\u00e9 reconnu comme le Cacique de la Esperanza et le Royal Band : Los L\u00edderes a \u00e9t\u00e9 reconnu comme le Groupe International de l&rsquo;Ann\u00e9e. D&rsquo;autre part, l&rsquo;actrice et mannequin C\u00e9lines Toribio a \u00e9t\u00e9 honor\u00e9e du Lifetime Achievement Award.<\/p>\n<p>D\u00e8s les premi\u00e8res heures de la matin\u00e9e, des milliers de Dominicains ont commenc\u00e9 \u00e0 remplir toute la Sixi\u00e8me Avenue de New York. La communaut\u00e9 dominicaine de New York est une mosa\u00efque diversifi\u00e9e qui couvre tous les \u00e2ges, tous les milieux socio-\u00e9conomiques et tous les niveaux d&rsquo;\u00e9ducation. Le pr\u00e9sident de la R\u00e9publique dominicaine, Luis Abinader, est apparu avec une forte op\u00e9ration de s\u00e9curit\u00e9 en compagnie de son \u00e9pouse, Raquel Arbaje, et au d\u00e9but de la tourn\u00e9e, il est mont\u00e9 sur sc\u00e8ne pour couper le lien inaugural et chanter les hymnes am\u00e9ricains et dominicains.<\/p>\n<p>Il a ensuite avanc\u00e9 \u00e0 pied au milieu de l&rsquo;avenue, surnomm\u00e9e l&rsquo;Avenue des Am\u00e9riques, entour\u00e9 d&rsquo;une d\u00e9l\u00e9gation de soutien politique et saluant la foule, qui agitait des drapeaux dominicains, portait le symbole sur des casquettes, des t-shirts et des accessoires, et dansait au son des chansons du merengue, de la salsa, de la bachata ou du reggaeton.<\/p>\n<p>L&rsquo;un des invit\u00e9s d&rsquo;honneur mentionn\u00e9s ci-dessus \u00e9tait pr\u00e9cis\u00e9ment la chanteuse Natti Natasha, qui a contribu\u00e9 \u00e0 remplir les rues de musique au-del\u00e0 de l&rsquo;heure pr\u00e9vue, jusqu&rsquo;au milieu de l&rsquo;apr\u00e8s-midi, dans une journ\u00e9e qui s&rsquo;est d\u00e9roul\u00e9e sans incident mais un peu lentement en raison du soleil et de la forte chaleur.<\/p>\n<p>Abinader est arriv\u00e9 \u00e0 New York vendredi avec un programme de plusieurs jours qui l&rsquo;a conduit \u00e0 rencontrer des repr\u00e9sentants de la communaut\u00e9 dominicaine et des administrations locales, et ce m\u00eame dimanche, il a annonc\u00e9 que son gouvernement construira un mus\u00e9e d\u00e9di\u00e9 \u00e0 la culture dominicaine dans la ville. .<\/p>\n<p>Sa pr\u00e9sence dans cette ville, qui concentre la majeure partie de la diaspora hors de la R\u00e9publique dominicaine, pr\u00e8s d&rsquo;un million de personnes, a co\u00efncid\u00e9 avec la proximit\u00e9 des \u00e9lections dans le pays, au cours desquelles il est probable qu&rsquo;il se pr\u00e9sente \u00e0 nouveau comme candidat du Parti r\u00e9volutionnaire moderne (PRM).<\/p>\n<p>Bien que le pr\u00e9sident ait \u00e9t\u00e9 le protagoniste du d\u00e9fil\u00e9, il n\u2019\u00e9tait pas le seul homme politique : il \u00e9tait accompagn\u00e9 de la gouverneure Kathy Hochul, du maire Eric Adams et du s\u00e9nateur Adriano Espaillat, qui fut le premier Dominicain \u00e9lu \u00e0 l\u2019Assembl\u00e9e d\u2019un \u00c9tat des \u00c9tats-Unis, et de plusieurs candidats au congr\u00e8s dominicain pour le PRM.<\/p>\n<p>Ce dimanche pr\u00e9cis\u00e9ment, le gouverneur a annonc\u00e9 que le D\u00e9partement des services financiers avait approuv\u00e9 une licence pour que la Banque de r\u00e9serves de la R\u00e9publique dominicaine (Banreservas), la plus grande banque commerciale du pays et qui fournit des services de transfert de fonds, ouvre un bureau de repr\u00e9sentation dans la ville.<\/p>\n<p>La plupart de ceux qui ont d\u00e9fil\u00e9 lors de cette 41e \u00e9dition du d\u00e9fil\u00e9 \u00e9taient cependant des Dominicains ordinaires qui s\u2019enveloppaient de drapeaux, des petits entrepreneurs, des danseurs en costumes folkloriques et de nombreux policiers locaux de New York qui arboraient leurs uniformes, le tout sous la devise \u00ab Notre histoire, notre peuple \u00bb.<\/p>\n<p>Des troupes voyantes, de la musique, des gens qui dansaient dans la rue, des costumes et des gens qui criaient \u00ab encore quatre ans \u00bb faisaient partie de l\u2019ambiance qui se faisait sentir dans la rue.<\/p>\n<p>Les Dominicains ont brav\u00e9 les temp\u00e9ratures \u00e9lev\u00e9es et des enfants, des adultes, des personnes \u00e2g\u00e9es et des personnes en fauteuil roulant ont pos\u00e9 avec leurs drapeaux tricolores \u00e0 la main.<\/p>\n<p>\u00ab Heureuse et satisfaite. Je suis ici t\u00f4t pour pouvoir assister \u00e0 la participation du pr\u00e9sident qui marchera avec nous pour la premi\u00e8re fois \u00bb, a d\u00e9clar\u00e9 Jacinta D\u00edaz.<\/p>\n<p>Le d\u00e9fil\u00e9 a commenc\u00e9 \u00e0 14 heures, une heure plus tard que pr\u00e9vu, et a \u00e9t\u00e9 suivi par des artistes et des personnalit\u00e9s de la R\u00e9publique dominicaine.<\/p>\n<p>Nous avons le prix imbattable de 500 $ par jour pour votre Billboard :<\/p>\n<p><strong>Option 1 :<\/strong> Votre vid\u00e9o\/photo de 60 secondes sera diffus\u00e9e 60 secondes par heure 22 fois par jour.<\/p>\n<p><strong>Option 2 :<\/strong> Votre vid\u00e9o\/photo de 30 secondes sera diffus\u00e9e 2 fois par heure 44 fois par jour.<\/p>\n<p><strong>Option 3 :<\/strong> Votre vid\u00e9o\/photo de 15 secondes sera diffus\u00e9e 4 fois par heure 88 fois par jour.<\/p>\n<p>Veuillez nous indiquer l&rsquo;option que vous souhaitez choisir. N&rsquo;oubliez pas que nous avons un d\u00e9lai de r\u00e9ponse de 72 heures.<\/p>\n","protected":false},"excerpt":{"rendered":"Ce week-end, la parade du Jour dominicain 2023 a eu lieu \u00e0 New York. La parade dominicaine a commenc\u00e9 \u00e0 New York en 1982. Elle s'est fait conna\u00eetre gr\u00e2ce \u00e0 une s\u00e9rie de concerts et d'activit\u00e9s culturelles organis\u00e9es par des Am\u00e9ricains d'origine dominicaine. La parade a g\u00e9n\u00e9ralement lieu le deuxi\u00e8me dimanche du mois, donc celle [...]<a href=\"https:\/\/welcome-to-times-square.com\/fr\/defile-de-la-journee-dominicaine-2023\/\" class=\"read-more wyz-secondary-color-text\">read more<span class=\"screen-reader-text\">D\u00e9fil\u00e9 de la Journ\u00e9e dominicaine 2023<\/span><\/a>","protected":false},"author":53,"featured_media":7587,"comment_status":"open","ping_status":"open","sticky":false,"template":"","format":"standard","meta":{"footnotes":""},"categories":[160],"tags":[],"class_list":["post-11227","post","type-post","status-publish","format-standard","has-post-thumbnail","hentry","category-blog-fr"],"yoast_head":"<!-- This site is optimized with the Yoast SEO plugin v27.2 - https:\/\/yoast.com\/product\/yoast-seo-wordpress\/ -->\n<title>D\u00e9fil\u00e9 de la Journ\u00e9e dominicaine 2023 - times-square<\/title>\n<meta name=\"description\" content=\"Ce week-end, la parade du Jour dominicain 2023 a eu lieu \u00e0 New York.\" \/>\n<meta name=\"robots\" content=\"index, follow, max-snippet:-1, max-image-preview:large, max-video-preview:-1\" \/>\n<link rel=\"canonical\" href=\"https:\/\/welcome-to-times-square.com\/fr\/defile-de-la-journee-dominicaine-2023\/\" \/>\n<meta property=\"og:locale\" content=\"fr_FR\" \/>\n<meta property=\"og:type\" content=\"article\" \/>\n<meta property=\"og:title\" content=\"D\u00e9fil\u00e9 de la Journ\u00e9e dominicaine 2023 - times-square\" \/>\n<meta property=\"og:description\" content=\"Ce week-end, la parade du Jour dominicain 2023 a eu lieu \u00e0 New York.\" \/>\n<meta property=\"og:url\" content=\"https:\/\/welcome-to-times-square.com\/fr\/defile-de-la-journee-dominicaine-2023\/\" \/>\n<meta property=\"og:site_name\" content=\"times-square\" \/>\n<meta property=\"article:published_time\" content=\"2023-10-05T21:22:10+00:00\" \/>\n<meta property=\"article:modified_time\" content=\"2025-02-25T09:23:27+00:00\" \/>\n<meta property=\"og:image\" content=\"https:\/\/welcome-to-times-square.com\/wp-content\/uploads\/2023\/10\/Dominican-Day-Parade-2023.jpg\" \/>\n\t<meta property=\"og:image:width\" content=\"1920\" \/>\n\t<meta property=\"og:image:height\" content=\"1479\" \/>\n\t<meta property=\"og:image:type\" content=\"image\/jpeg\" \/>\n<meta name=\"author\" content=\"Paolasinis\" \/>\n<meta name=\"twitter:card\" content=\"summary_large_image\" \/>\n<meta name=\"twitter:label1\" content=\"\u00c9crit par\" \/>\n\t<meta name=\"twitter:data1\" content=\"Paolasinis\" \/>\n\t<meta name=\"twitter:label2\" content=\"Dur\u00e9e de lecture estim\u00e9e\" \/>\n\t<meta name=\"twitter:data2\" content=\"5 minutes\" \/>\n<script type=\"application\/ld+json\" class=\"yoast-schema-graph\">{\"@context\":\"https:\/\/schema.org\",\"@graph\":[{\"@type\":\"Article\",\"@id\":\"https:\/\/welcome-to-times-square.com\/fr\/defile-de-la-journee-dominicaine-2023\/#article\",\"isPartOf\":{\"@id\":\"https:\/\/welcome-to-times-square.com\/fr\/defile-de-la-journee-dominicaine-2023\/\"},\"author\":{\"name\":\"Paolasinis\",\"@id\":\"https:\/\/welcome-to-times-square.com\/fr\/#\/schema\/person\/bfe994acba17ba48e1ad8e944a1b43f9\"},\"headline\":\"D\u00e9fil\u00e9 de la Journ\u00e9e dominicaine 2023\",\"datePublished\":\"2023-10-05T21:22:10+00:00\",\"dateModified\":\"2025-02-25T09:23:27+00:00\",\"mainEntityOfPage\":{\"@id\":\"https:\/\/welcome-to-times-square.com\/fr\/defile-de-la-journee-dominicaine-2023\/\"},\"wordCount\":1072,\"commentCount\":0,\"publisher\":{\"@id\":\"https:\/\/welcome-to-times-square.com\/fr\/#organization\"},\"image\":{\"@id\":\"https:\/\/welcome-to-times-square.com\/fr\/defile-de-la-journee-dominicaine-2023\/#primaryimage\"},\"thumbnailUrl\":\"https:\/\/welcome-to-times-square.com\/wp-content\/uploads\/2023\/10\/Dominican-Day-Parade-2023.jpg\",\"articleSection\":[\"Blog\"],\"inLanguage\":\"fr-FR\",\"potentialAction\":[{\"@type\":\"CommentAction\",\"name\":\"Comment\",\"target\":[\"https:\/\/welcome-to-times-square.com\/fr\/defile-de-la-journee-dominicaine-2023\/#respond\"]}]},{\"@type\":\"WebPage\",\"@id\":\"https:\/\/welcome-to-times-square.com\/fr\/defile-de-la-journee-dominicaine-2023\/\",\"url\":\"https:\/\/welcome-to-times-square.com\/fr\/defile-de-la-journee-dominicaine-2023\/\",\"name\":\"D\u00e9fil\u00e9 de la Journ\u00e9e dominicaine 2023 - times-square\",\"isPartOf\":{\"@id\":\"https:\/\/welcome-to-times-square.com\/fr\/#website\"},\"primaryImageOfPage\":{\"@id\":\"https:\/\/welcome-to-times-square.com\/fr\/defile-de-la-journee-dominicaine-2023\/#primaryimage\"},\"image\":{\"@id\":\"https:\/\/welcome-to-times-square.com\/fr\/defile-de-la-journee-dominicaine-2023\/#primaryimage\"},\"thumbnailUrl\":\"https:\/\/welcome-to-times-square.com\/wp-content\/uploads\/2023\/10\/Dominican-Day-Parade-2023.jpg\",\"datePublished\":\"2023-10-05T21:22:10+00:00\",\"dateModified\":\"2025-02-25T09:23:27+00:00\",\"description\":\"Ce week-end, la parade du Jour dominicain 2023 a eu lieu \u00e0 New York.\",\"breadcrumb\":{\"@id\":\"https:\/\/welcome-to-times-square.com\/fr\/defile-de-la-journee-dominicaine-2023\/#breadcrumb\"},\"inLanguage\":\"fr-FR\",\"potentialAction\":[{\"@type\":\"ReadAction\",\"target\":[\"https:\/\/welcome-to-times-square.com\/fr\/defile-de-la-journee-dominicaine-2023\/\"]}]},{\"@type\":\"ImageObject\",\"inLanguage\":\"fr-FR\",\"@id\":\"https:\/\/welcome-to-times-square.com\/fr\/defile-de-la-journee-dominicaine-2023\/#primaryimage\",\"url\":\"https:\/\/welcome-to-times-square.com\/wp-content\/uploads\/2023\/10\/Dominican-Day-Parade-2023.jpg\",\"contentUrl\":\"https:\/\/welcome-to-times-square.com\/wp-content\/uploads\/2023\/10\/Dominican-Day-Parade-2023.jpg\",\"width\":1920,\"height\":1479},{\"@type\":\"BreadcrumbList\",\"@id\":\"https:\/\/welcome-to-times-square.com\/fr\/defile-de-la-journee-dominicaine-2023\/#breadcrumb\",\"itemListElement\":[{\"@type\":\"ListItem\",\"position\":1,\"name\":\"Home\",\"item\":\"https:\/\/welcome-to-times-square.com\/fr\/\"},{\"@type\":\"ListItem\",\"position\":2,\"name\":\"D\u00e9fil\u00e9 de la Journ\u00e9e dominicaine 2023\"}]},{\"@type\":\"WebSite\",\"@id\":\"https:\/\/welcome-to-times-square.com\/fr\/#website\",\"url\":\"https:\/\/welcome-to-times-square.com\/fr\/\",\"name\":\"times-square\",\"description\":\"times-square\",\"publisher\":{\"@id\":\"https:\/\/welcome-to-times-square.com\/fr\/#organization\"},\"potentialAction\":[{\"@type\":\"SearchAction\",\"target\":{\"@type\":\"EntryPoint\",\"urlTemplate\":\"https:\/\/welcome-to-times-square.com\/fr\/?s={search_term_string}\"},\"query-input\":{\"@type\":\"PropertyValueSpecification\",\"valueRequired\":true,\"valueName\":\"search_term_string\"}}],\"inLanguage\":\"fr-FR\"},{\"@type\":\"Organization\",\"@id\":\"https:\/\/welcome-to-times-square.com\/fr\/#organization\",\"name\":\"times-square\",\"url\":\"https:\/\/welcome-to-times-square.com\/fr\/\",\"logo\":{\"@type\":\"ImageObject\",\"inLanguage\":\"fr-FR\",\"@id\":\"https:\/\/welcome-to-times-square.com\/fr\/#\/schema\/logo\/image\/\",\"url\":\"https:\/\/welcome-to-times-square.com\/wp-content\/uploads\/2024\/03\/welcome-to-time-square-logo-with-r.png\",\"contentUrl\":\"https:\/\/welcome-to-times-square.com\/wp-content\/uploads\/2024\/03\/welcome-to-time-square-logo-with-r.png\",\"width\":500,\"height\":342,\"caption\":\"times-square\"},\"image\":{\"@id\":\"https:\/\/welcome-to-times-square.com\/fr\/#\/schema\/logo\/image\/\"}},{\"@type\":\"Person\",\"@id\":\"https:\/\/welcome-to-times-square.com\/fr\/#\/schema\/person\/bfe994acba17ba48e1ad8e944a1b43f9\",\"name\":\"Paolasinis\",\"image\":{\"@type\":\"ImageObject\",\"inLanguage\":\"fr-FR\",\"@id\":\"https:\/\/secure.gravatar.com\/avatar\/a404602c8bcf24fd7781c896a2a21fb17e94b4bd4bec366ad138c02ba5f3b035?s=96&d=mm&r=g\",\"url\":\"https:\/\/secure.gravatar.com\/avatar\/a404602c8bcf24fd7781c896a2a21fb17e94b4bd4bec366ad138c02ba5f3b035?s=96&d=mm&r=g\",\"contentUrl\":\"https:\/\/secure.gravatar.com\/avatar\/a404602c8bcf24fd7781c896a2a21fb17e94b4bd4bec366ad138c02ba5f3b035?s=96&d=mm&r=g\",\"caption\":\"Paolasinis\"},\"url\":\"https:\/\/welcome-to-times-square.com\/fr\/author\/paolasinis\/\"}]}<\/script>\n<!-- \/ Yoast SEO plugin. -->","yoast_head_json":{"title":"D\u00e9fil\u00e9 de la Journ\u00e9e dominicaine 2023 - times-square","description":"Ce week-end, la parade du Jour dominicain 2023 a eu lieu \u00e0 New York.","robots":{"index":"index","follow":"follow","max-snippet":"max-snippet:-1","max-image-preview":"max-image-preview:large","max-video-preview":"max-video-preview:-1"},"canonical":"https:\/\/welcome-to-times-square.com\/fr\/defile-de-la-journee-dominicaine-2023\/","og_locale":"fr_FR","og_type":"article","og_title":"D\u00e9fil\u00e9 de la Journ\u00e9e dominicaine 2023 - times-square","og_description":"Ce week-end, la parade du Jour dominicain 2023 a eu lieu \u00e0 New York.","og_url":"https:\/\/welcome-to-times-square.com\/fr\/defile-de-la-journee-dominicaine-2023\/","og_site_name":"times-square","article_published_time":"2023-10-05T21:22:10+00:00","article_modified_time":"2025-02-25T09:23:27+00:00","og_image":[{"width":1920,"height":1479,"url":"https:\/\/welcome-to-times-square.com\/wp-content\/uploads\/2023\/10\/Dominican-Day-Parade-2023.jpg","type":"image\/jpeg"}],"author":"Paolasinis","twitter_card":"summary_large_image","twitter_misc":{"\u00c9crit par":"Paolasinis","Dur\u00e9e de lecture estim\u00e9e":"5 minutes"},"schema":{"@context":"https:\/\/schema.org","@graph":[{"@type":"Article","@id":"https:\/\/welcome-to-times-square.com\/fr\/defile-de-la-journee-dominicaine-2023\/#article","isPartOf":{"@id":"https:\/\/welcome-to-times-square.com\/fr\/defile-de-la-journee-dominicaine-2023\/"},"author":{"name":"Paolasinis","@id":"https:\/\/welcome-to-times-square.com\/fr\/#\/schema\/person\/bfe994acba17ba48e1ad8e944a1b43f9"},"headline":"D\u00e9fil\u00e9 de la Journ\u00e9e dominicaine 2023","datePublished":"2023-10-05T21:22:10+00:00","dateModified":"2025-02-25T09:23:27+00:00","mainEntityOfPage":{"@id":"https:\/\/welcome-to-times-square.com\/fr\/defile-de-la-journee-dominicaine-2023\/"},"wordCount":1072,"commentCount":0,"publisher":{"@id":"https:\/\/welcome-to-times-square.com\/fr\/#organization"},"image":{"@id":"https:\/\/welcome-to-times-square.com\/fr\/defile-de-la-journee-dominicaine-2023\/#primaryimage"},"thumbnailUrl":"https:\/\/welcome-to-times-square.com\/wp-content\/uploads\/2023\/10\/Dominican-Day-Parade-2023.jpg","articleSection":["Blog"],"inLanguage":"fr-FR","potentialAction":[{"@type":"CommentAction","name":"Comment","target":["https:\/\/welcome-to-times-square.com\/fr\/defile-de-la-journee-dominicaine-2023\/#respond"]}]},{"@type":"WebPage","@id":"https:\/\/welcome-to-times-square.com\/fr\/defile-de-la-journee-dominicaine-2023\/","url":"https:\/\/welcome-to-times-square.com\/fr\/defile-de-la-journee-dominicaine-2023\/","name":"D\u00e9fil\u00e9 de la Journ\u00e9e dominicaine 2023 - times-square","isPartOf":{"@id":"https:\/\/welcome-to-times-square.com\/fr\/#website"},"primaryImageOfPage":{"@id":"https:\/\/welcome-to-times-square.com\/fr\/defile-de-la-journee-dominicaine-2023\/#primaryimage"},"image":{"@id":"https:\/\/welcome-to-times-square.com\/fr\/defile-de-la-journee-dominicaine-2023\/#primaryimage"},"thumbnailUrl":"https:\/\/welcome-to-times-square.com\/wp-content\/uploads\/2023\/10\/Dominican-Day-Parade-2023.jpg","datePublished":"2023-10-05T21:22:10+00:00","dateModified":"2025-02-25T09:23:27+00:00","description":"Ce week-end, la parade du Jour dominicain 2023 a eu lieu \u00e0 New York.","breadcrumb":{"@id":"https:\/\/welcome-to-times-square.com\/fr\/defile-de-la-journee-dominicaine-2023\/#breadcrumb"},"inLanguage":"fr-FR","potentialAction":[{"@type":"ReadAction","target":["https:\/\/welcome-to-times-square.com\/fr\/defile-de-la-journee-dominicaine-2023\/"]}]},{"@type":"ImageObject","inLanguage":"fr-FR","@id":"https:\/\/welcome-to-times-square.com\/fr\/defile-de-la-journee-dominicaine-2023\/#primaryimage","url":"https:\/\/welcome-to-times-square.com\/wp-content\/uploads\/2023\/10\/Dominican-Day-Parade-2023.jpg","contentUrl":"https:\/\/welcome-to-times-square.com\/wp-content\/uploads\/2023\/10\/Dominican-Day-Parade-2023.jpg","width":1920,"height":1479},{"@type":"BreadcrumbList","@id":"https:\/\/welcome-to-times-square.com\/fr\/defile-de-la-journee-dominicaine-2023\/#breadcrumb","itemListElement":[{"@type":"ListItem","position":1,"name":"Home","item":"https:\/\/welcome-to-times-square.com\/fr\/"},{"@type":"ListItem","position":2,"name":"D\u00e9fil\u00e9 de la Journ\u00e9e dominicaine 2023"}]},{"@type":"WebSite","@id":"https:\/\/welcome-to-times-square.com\/fr\/#website","url":"https:\/\/welcome-to-times-square.com\/fr\/","name":"times-square","description":"times-square","publisher":{"@id":"https:\/\/welcome-to-times-square.com\/fr\/#organization"},"potentialAction":[{"@type":"SearchAction","target":{"@type":"EntryPoint","urlTemplate":"https:\/\/welcome-to-times-square.com\/fr\/?s={search_term_string}"},"query-input":{"@type":"PropertyValueSpecification","valueRequired":true,"valueName":"search_term_string"}}],"inLanguage":"fr-FR"},{"@type":"Organization","@id":"https:\/\/welcome-to-times-square.com\/fr\/#organization","name":"times-square","url":"https:\/\/welcome-to-times-square.com\/fr\/","logo":{"@type":"ImageObject","inLanguage":"fr-FR","@id":"https:\/\/welcome-to-times-square.com\/fr\/#\/schema\/logo\/image\/","url":"https:\/\/welcome-to-times-square.com\/wp-content\/uploads\/2024\/03\/welcome-to-time-square-logo-with-r.png","contentUrl":"https:\/\/welcome-to-times-square.com\/wp-content\/uploads\/2024\/03\/welcome-to-time-square-logo-with-r.png","width":500,"height":342,"caption":"times-square"},"image":{"@id":"https:\/\/welcome-to-times-square.com\/fr\/#\/schema\/logo\/image\/"}},{"@type":"Person","@id":"https:\/\/welcome-to-times-square.com\/fr\/#\/schema\/person\/bfe994acba17ba48e1ad8e944a1b43f9","name":"Paolasinis","image":{"@type":"ImageObject","inLanguage":"fr-FR","@id":"https:\/\/secure.gravatar.com\/avatar\/a404602c8bcf24fd7781c896a2a21fb17e94b4bd4bec366ad138c02ba5f3b035?s=96&d=mm&r=g","url":"https:\/\/secure.gravatar.com\/avatar\/a404602c8bcf24fd7781c896a2a21fb17e94b4bd4bec366ad138c02ba5f3b035?s=96&d=mm&r=g","contentUrl":"https:\/\/secure.gravatar.com\/avatar\/a404602c8bcf24fd7781c896a2a21fb17e94b4bd4bec366ad138c02ba5f3b035?s=96&d=mm&r=g","caption":"Paolasinis"},"url":"https:\/\/welcome-to-times-square.com\/fr\/author\/paolasinis\/"}]}},"_links":{"self":[{"href":"https:\/\/welcome-to-times-square.com\/fr\/wp-json\/wp\/v2\/posts\/11227","targetHints":{"allow":["GET"]}}],"collection":[{"href":"https:\/\/welcome-to-times-square.com\/fr\/wp-json\/wp\/v2\/posts"}],"about":[{"href":"https:\/\/welcome-to-times-square.com\/fr\/wp-json\/wp\/v2\/types\/post"}],"author":[{"embeddable":true,"href":"https:\/\/welcome-to-times-square.com\/fr\/wp-json\/wp\/v2\/users\/53"}],"replies":[{"embeddable":true,"href":"https:\/\/welcome-to-times-square.com\/fr\/wp-json\/wp\/v2\/comments?post=11227"}],"version-history":[{"count":0,"href":"https:\/\/welcome-to-times-square.com\/fr\/wp-json\/wp\/v2\/posts\/11227\/revisions"}],"wp:featuredmedia":[{"embeddable":true,"href":"https:\/\/welcome-to-times-square.com\/fr\/wp-json\/wp\/v2\/media\/7587"}],"wp:attachment":[{"href":"https:\/\/welcome-to-times-square.com\/fr\/wp-json\/wp\/v2\/media?parent=11227"}],"wp:term":[{"taxonomy":"category","embeddable":true,"href":"https:\/\/welcome-to-times-square.com\/fr\/wp-json\/wp\/v2\/categories?post=11227"},{"taxonomy":"post_tag","embeddable":true,"href":"https:\/\/welcome-to-times-square.com\/fr\/wp-json\/wp\/v2\/tags?post=11227"}],"curies":[{"name":"wp","href":"https:\/\/api.w.org\/{rel}","templated":true}]}}