{"id":11231,"date":"2023-10-05T21:22:10","date_gmt":"2023-10-05T21:22:10","guid":{"rendered":"https:\/\/welcome-to-times-square.com\/?p=11231"},"modified":"2025-02-25T09:36:53","modified_gmt":"2025-02-25T09:36:53","slug":"sfilata-del-giorno-dominicano-2023","status":"publish","type":"post","link":"https:\/\/welcome-to-times-square.com\/it\/sfilata-del-giorno-dominicano-2023\/","title":{"rendered":"Sfilata del Giorno Dominicano 2023"},"content":{"rendered":"<p>Questo fine settimana si \u00e8 tenuta a New York City la Dominican Day Parade 2023.<\/p>\n<p>La sfilata dominicana ha avuto inizio a New York nel 1982. \u00c8 diventata famosa con una serie di concerti e attivit\u00e0 culturali organizzati da americani di origine dominicana.<\/p>\n<p>La sfilata si tiene solitamente la seconda domenica del mese, quindi quest&#8217;anno si \u00e8 tenuta il 13 agosto.<\/p>\n<p>Il tema della sfilata dominicana di quest&#8217;anno era &#8220;La nostra storia, il nostro popolo&#8221;, per celebrare la cultura della Repubblica Dominicana e il suo popolo, nonch\u00e9 i contributi significativi che hanno apportato in diversi campi.<\/p>\n<p>La sfilata si \u00e8 diretta a nord sulla Sixth Avenue dalla 36th Street alla 52nd Street, iniziando a mezzogiorno e durando fino alle 16:00. Sebbene ci siano state altre sfilate nel Bronx, nel Queens e a Brooklyn, questa \u00e8 la pi\u00f9 grande, con decine di migliaia di persone.<\/p>\n<p>La formazione \u00e8 iniziata sulla 36a, 37a, 38a strada tra Broadway e la 5a Avenue e il percorso continua lungo la Sesta Avenue tra la 36a e la 52a strada. La zona di dispersione \u00e8 sulla 52a strada tra la 5a e la 7a Avenue.<\/p>\n<p>Il Presidente della Repubblica Dominicana, Luis Abinader, era presente ed \u00e8 stato riconosciuto come Gran Maresciallo. Questa \u00e8 stata la prima volta nella storia della parata a cui ha partecipato il presidente del paese.<\/p>\n<p>Altri premiati includono la cantante dominicana Natti Natasha, che \u00e8 stata riconosciuta come Regina della Parata, mentre il DJ Adoni \u00e8 stato riconosciuto come Re.<\/p>\n<p>L&#8217;imprenditore Antonio Cabrera \u00e8 stato riconosciuto come Cacique de la Esperanza e la Royal Band: Los L\u00edderes \u00e8 stata riconosciuta come International Band of the Year. D&#8217;altra parte, l&#8217;attrice e modella Celines Toribio \u00e8 stata onorata con il Lifetime Achievement Award.<\/p>\n<p>Fin dalle prime ore del mattino, migliaia di dominicani hanno iniziato a riempire l&#8217;intera Sixth Avenue di New York. La comunit\u00e0 dominicana di New York \u00e8 un mosaico eterogeneo che abbraccia et\u00e0, background socioeconomici e livelli di istruzione. Il presidente della Repubblica Dominicana, Luis Abinader, \u00e8 apparso con una forte operazione di sicurezza insieme alla moglie, Raquel Arbaje, e all&#8217;inizio del tour \u00e8 salito sul palco per tagliare la cravatta inaugurale e cantare gli inni americano e dominicano.<\/p>\n<p>Poi \u00e8 avanzato a piedi al centro della strada principale, soprannominata Avenue of the Americas, circondato da una delegazione di sostegno politico e salutando la folla, che sventolava bandiere dominicane, indossava il simbolo su cappellini, magliette e accessori e ballava al ritmo di merengue, salsa, bachata o reggaeton.<\/p>\n<p>Uno degli ospiti d&#8217;onore sopra menzionati \u00e8 stato proprio il cantante Natti Natasha, che ha contribuito a riempire le strade di musica oltre l&#8217;orario previsto, fino a met\u00e0 pomeriggio, in una giornata trascorsa senza incidenti ma un po&#8217; lentamente a causa del sole. e il caldo torrido.<\/p>\n<p>Abinader \u00e8 arrivato a New York venerd\u00ec con un programma di pi\u00f9 giorni che lo ha portato a incontrare rappresentanti della comunit\u00e0 dominicana e amministrazioni locali, e questa stessa domenica ha annunciato che il suo governo costruir\u00e0 un museo dedicato alla cultura dominicana in citt\u00e0. .<\/p>\n<p>La sua presenza in questa citt\u00e0, che concentra la maggior parte della diaspora fuori dalla Repubblica Dominicana, vicina a un milione di persone, ha coinciso con la vicinanza delle elezioni nel paese, in cui \u00e8 probabile che si candider\u00e0 di nuovo. dal Partito Rivoluzionario Moderno (PRM).<\/p>\n<p>Sebbene il presidente fosse il protagonista della sfilata, non era l&#8217;unico politico: era accompagnato dal governatore Kathy Hochul, dal sindaco Eric Adams e dal senatore Adriano Espaillat, che \u00e8 stato il primo dominicano eletto a un&#8217;assemblea statale negli Stati Uniti, e da diversi candidati al congresso dominicano per il PRM.<\/p>\n<p>Proprio questa domenica, il governatore ha annunciato che il Dipartimento dei servizi finanziari ha approvato una licenza per il Banco de Reservas de la Rep\u00fablica Dominicana (Banreservas), la pi\u00f9 grande banca commerciale del paese e che fornisce servizi di rimesse, per aprire un ufficio di rappresentanza in citt\u00e0.<\/p>\n<p>La maggior parte di coloro che hanno sfilato in questa 41a edizione della parata, tuttavia, erano comuni dominicani che si avvolgevano nelle bandiere, piccoli imprenditori, ballerini in costumi folcloristici e molti poliziotti locali di New York che hanno mostrato le loro uniformi, tutti sotto il motto &#8220;La nostra storia, la nostra gente&#8221;.<\/p>\n<p>Compagnie vistose, musica, persone che ballavano per strada, costumi e persone che gridavano &#8220;altri quattro anni&#8221; facevano parte dell&#8217;atmosfera che si percepiva per strada.<\/p>\n<p>I dominicani hanno sfidato le alte temperature e bambini, adulti, anziani e persone in sedia a rotelle hanno posato con le loro bandiere tricolori in mano.<\/p>\n<p>&#8220;Felici e contenti. Sono qui presto per poter assistere alla partecipazione del presidente che camminer\u00e0 con noi per la prima volta&#8221;, ha detto Jacinta D\u00edaz.<\/p>\n<p>La sfilata \u00e8 iniziata alle 14:00, un&#8217;ora dopo il previsto, e vi hanno partecipato artisti e personalit\u00e0 della Repubblica Dominicana.<\/p>\n<p>Abbiamo il prezzo imbattibile di $ 500 al giorno per il tuo cartellone pubblicitario:<\/p>\n<p><strong>Opzione 1:<\/strong> il tuo video\/foto da 60 secondi verr\u00e0 mostrato, 60 secondi all&#8217;ora 22 volte al giorno.<\/p>\n<p><strong>Opzione 2:<\/strong> il tuo video\/foto da 30 secondi verr\u00e0 mostrato, due volte all&#8217;ora, 44 volte al giorno.<\/p>\n<p><strong>Opzione 3:<\/strong> il tuo video\/foto da 15 secondi verr\u00e0 mostrato 4 volte all&#8217;ora 88 volte al giorno.<\/p>\n<p>Facci sapere quale opzione vorresti scegliere. Ricorda che abbiamo un tempo di risposta di 72 ore.<\/p>\n","protected":false},"excerpt":{"rendered":"Questo fine settimana si \u00e8 tenuta a New York City la Dominican Day Parade 2023. La sfilata dominicana ha avuto inizio a New York nel 1982. \u00c8 diventata famosa con una serie di concerti e attivit\u00e0 culturali organizzati da americani di origine dominicana. La sfilata si tiene solitamente la seconda domenica del mese, quindi quest'anno [...]<a href=\"https:\/\/welcome-to-times-square.com\/it\/sfilata-del-giorno-dominicano-2023\/\" class=\"read-more wyz-secondary-color-text\">read more<span class=\"screen-reader-text\">Sfilata del Giorno Dominicano 2023<\/span><\/a>","protected":false},"author":53,"featured_media":7589,"comment_status":"open","ping_status":"open","sticky":false,"template":"","format":"standard","meta":{"footnotes":""},"categories":[162],"tags":[],"class_list":["post-11231","post","type-post","status-publish","format-standard","has-post-thumbnail","hentry","category-blog-it"],"yoast_head":"<!-- This site is optimized with the Yoast SEO plugin v27.2 - https:\/\/yoast.com\/product\/yoast-seo-wordpress\/ -->\n<title>Sfilata del Giorno Dominicano 2023 - times-square<\/title>\n<meta name=\"description\" content=\"Questo fine settimana si \u00e8 tenuta a New York City la Dominican Day Parade 2023.\" \/>\n<meta name=\"robots\" content=\"index, follow, max-snippet:-1, max-image-preview:large, max-video-preview:-1\" \/>\n<link rel=\"canonical\" href=\"https:\/\/welcome-to-times-square.com\/it\/sfilata-del-giorno-dominicano-2023\/\" \/>\n<meta property=\"og:locale\" content=\"it_IT\" \/>\n<meta property=\"og:type\" content=\"article\" \/>\n<meta property=\"og:title\" content=\"Sfilata del Giorno Dominicano 2023 - times-square\" \/>\n<meta property=\"og:description\" content=\"Questo fine settimana si \u00e8 tenuta a New York City la Dominican Day Parade 2023.\" \/>\n<meta property=\"og:url\" content=\"https:\/\/welcome-to-times-square.com\/it\/sfilata-del-giorno-dominicano-2023\/\" \/>\n<meta property=\"og:site_name\" content=\"times-square\" \/>\n<meta property=\"article:published_time\" content=\"2023-10-05T21:22:10+00:00\" \/>\n<meta property=\"article:modified_time\" content=\"2025-02-25T09:36:53+00:00\" \/>\n<meta property=\"og:image\" content=\"https:\/\/welcome-to-times-square.com\/wp-content\/uploads\/2023\/10\/Dominican-Day-Parade-2023.jpg\" \/>\n\t<meta property=\"og:image:width\" content=\"1920\" \/>\n\t<meta property=\"og:image:height\" content=\"1479\" \/>\n\t<meta property=\"og:image:type\" content=\"image\/jpeg\" \/>\n<meta name=\"author\" content=\"Paolasinis\" \/>\n<meta name=\"twitter:card\" content=\"summary_large_image\" \/>\n<meta name=\"twitter:label1\" content=\"Scritto da\" \/>\n\t<meta name=\"twitter:data1\" content=\"Paolasinis\" \/>\n\t<meta name=\"twitter:label2\" content=\"Tempo di lettura stimato\" \/>\n\t<meta name=\"twitter:data2\" content=\"5 minuti\" \/>\n<script type=\"application\/ld+json\" class=\"yoast-schema-graph\">{\"@context\":\"https:\/\/schema.org\",\"@graph\":[{\"@type\":\"Article\",\"@id\":\"https:\/\/welcome-to-times-square.com\/it\/sfilata-del-giorno-dominicano-2023\/#article\",\"isPartOf\":{\"@id\":\"https:\/\/welcome-to-times-square.com\/it\/sfilata-del-giorno-dominicano-2023\/\"},\"author\":{\"name\":\"Paolasinis\",\"@id\":\"https:\/\/welcome-to-times-square.com\/it\/#\/schema\/person\/bfe994acba17ba48e1ad8e944a1b43f9\"},\"headline\":\"Sfilata del Giorno Dominicano 2023\",\"datePublished\":\"2023-10-05T21:22:10+00:00\",\"dateModified\":\"2025-02-25T09:36:53+00:00\",\"mainEntityOfPage\":{\"@id\":\"https:\/\/welcome-to-times-square.com\/it\/sfilata-del-giorno-dominicano-2023\/\"},\"wordCount\":863,\"commentCount\":0,\"publisher\":{\"@id\":\"https:\/\/welcome-to-times-square.com\/it\/#organization\"},\"image\":{\"@id\":\"https:\/\/welcome-to-times-square.com\/it\/sfilata-del-giorno-dominicano-2023\/#primaryimage\"},\"thumbnailUrl\":\"https:\/\/welcome-to-times-square.com\/wp-content\/uploads\/2023\/10\/Dominican-Day-Parade-2023.jpg\",\"articleSection\":[\"Blog\"],\"inLanguage\":\"it-IT\",\"potentialAction\":[{\"@type\":\"CommentAction\",\"name\":\"Comment\",\"target\":[\"https:\/\/welcome-to-times-square.com\/it\/sfilata-del-giorno-dominicano-2023\/#respond\"]}]},{\"@type\":\"WebPage\",\"@id\":\"https:\/\/welcome-to-times-square.com\/it\/sfilata-del-giorno-dominicano-2023\/\",\"url\":\"https:\/\/welcome-to-times-square.com\/it\/sfilata-del-giorno-dominicano-2023\/\",\"name\":\"Sfilata del Giorno Dominicano 2023 - times-square\",\"isPartOf\":{\"@id\":\"https:\/\/welcome-to-times-square.com\/it\/#website\"},\"primaryImageOfPage\":{\"@id\":\"https:\/\/welcome-to-times-square.com\/it\/sfilata-del-giorno-dominicano-2023\/#primaryimage\"},\"image\":{\"@id\":\"https:\/\/welcome-to-times-square.com\/it\/sfilata-del-giorno-dominicano-2023\/#primaryimage\"},\"thumbnailUrl\":\"https:\/\/welcome-to-times-square.com\/wp-content\/uploads\/2023\/10\/Dominican-Day-Parade-2023.jpg\",\"datePublished\":\"2023-10-05T21:22:10+00:00\",\"dateModified\":\"2025-02-25T09:36:53+00:00\",\"description\":\"Questo fine settimana si \u00e8 tenuta a New York City la Dominican Day Parade 2023.\",\"breadcrumb\":{\"@id\":\"https:\/\/welcome-to-times-square.com\/it\/sfilata-del-giorno-dominicano-2023\/#breadcrumb\"},\"inLanguage\":\"it-IT\",\"potentialAction\":[{\"@type\":\"ReadAction\",\"target\":[\"https:\/\/welcome-to-times-square.com\/it\/sfilata-del-giorno-dominicano-2023\/\"]}]},{\"@type\":\"ImageObject\",\"inLanguage\":\"it-IT\",\"@id\":\"https:\/\/welcome-to-times-square.com\/it\/sfilata-del-giorno-dominicano-2023\/#primaryimage\",\"url\":\"https:\/\/welcome-to-times-square.com\/wp-content\/uploads\/2023\/10\/Dominican-Day-Parade-2023.jpg\",\"contentUrl\":\"https:\/\/welcome-to-times-square.com\/wp-content\/uploads\/2023\/10\/Dominican-Day-Parade-2023.jpg\",\"width\":1920,\"height\":1479},{\"@type\":\"BreadcrumbList\",\"@id\":\"https:\/\/welcome-to-times-square.com\/it\/sfilata-del-giorno-dominicano-2023\/#breadcrumb\",\"itemListElement\":[{\"@type\":\"ListItem\",\"position\":1,\"name\":\"Home\",\"item\":\"https:\/\/welcome-to-times-square.com\/it\/\"},{\"@type\":\"ListItem\",\"position\":2,\"name\":\"Sfilata del Giorno Dominicano 2023\"}]},{\"@type\":\"WebSite\",\"@id\":\"https:\/\/welcome-to-times-square.com\/it\/#website\",\"url\":\"https:\/\/welcome-to-times-square.com\/it\/\",\"name\":\"times-square\",\"description\":\"times-square\",\"publisher\":{\"@id\":\"https:\/\/welcome-to-times-square.com\/it\/#organization\"},\"potentialAction\":[{\"@type\":\"SearchAction\",\"target\":{\"@type\":\"EntryPoint\",\"urlTemplate\":\"https:\/\/welcome-to-times-square.com\/it\/?s={search_term_string}\"},\"query-input\":{\"@type\":\"PropertyValueSpecification\",\"valueRequired\":true,\"valueName\":\"search_term_string\"}}],\"inLanguage\":\"it-IT\"},{\"@type\":\"Organization\",\"@id\":\"https:\/\/welcome-to-times-square.com\/it\/#organization\",\"name\":\"times-square\",\"url\":\"https:\/\/welcome-to-times-square.com\/it\/\",\"logo\":{\"@type\":\"ImageObject\",\"inLanguage\":\"it-IT\",\"@id\":\"https:\/\/welcome-to-times-square.com\/it\/#\/schema\/logo\/image\/\",\"url\":\"https:\/\/welcome-to-times-square.com\/wp-content\/uploads\/2024\/03\/welcome-to-time-square-logo-with-r.png\",\"contentUrl\":\"https:\/\/welcome-to-times-square.com\/wp-content\/uploads\/2024\/03\/welcome-to-time-square-logo-with-r.png\",\"width\":500,\"height\":342,\"caption\":\"times-square\"},\"image\":{\"@id\":\"https:\/\/welcome-to-times-square.com\/it\/#\/schema\/logo\/image\/\"}},{\"@type\":\"Person\",\"@id\":\"https:\/\/welcome-to-times-square.com\/it\/#\/schema\/person\/bfe994acba17ba48e1ad8e944a1b43f9\",\"name\":\"Paolasinis\",\"image\":{\"@type\":\"ImageObject\",\"inLanguage\":\"it-IT\",\"@id\":\"https:\/\/secure.gravatar.com\/avatar\/a404602c8bcf24fd7781c896a2a21fb17e94b4bd4bec366ad138c02ba5f3b035?s=96&d=mm&r=g\",\"url\":\"https:\/\/secure.gravatar.com\/avatar\/a404602c8bcf24fd7781c896a2a21fb17e94b4bd4bec366ad138c02ba5f3b035?s=96&d=mm&r=g\",\"contentUrl\":\"https:\/\/secure.gravatar.com\/avatar\/a404602c8bcf24fd7781c896a2a21fb17e94b4bd4bec366ad138c02ba5f3b035?s=96&d=mm&r=g\",\"caption\":\"Paolasinis\"},\"url\":\"https:\/\/welcome-to-times-square.com\/it\/author\/paolasinis\/\"}]}<\/script>\n<!-- \/ Yoast SEO plugin. -->","yoast_head_json":{"title":"Sfilata del Giorno Dominicano 2023 - times-square","description":"Questo fine settimana si \u00e8 tenuta a New York City la Dominican Day Parade 2023.","robots":{"index":"index","follow":"follow","max-snippet":"max-snippet:-1","max-image-preview":"max-image-preview:large","max-video-preview":"max-video-preview:-1"},"canonical":"https:\/\/welcome-to-times-square.com\/it\/sfilata-del-giorno-dominicano-2023\/","og_locale":"it_IT","og_type":"article","og_title":"Sfilata del Giorno Dominicano 2023 - times-square","og_description":"Questo fine settimana si \u00e8 tenuta a New York City la Dominican Day Parade 2023.","og_url":"https:\/\/welcome-to-times-square.com\/it\/sfilata-del-giorno-dominicano-2023\/","og_site_name":"times-square","article_published_time":"2023-10-05T21:22:10+00:00","article_modified_time":"2025-02-25T09:36:53+00:00","og_image":[{"width":1920,"height":1479,"url":"https:\/\/welcome-to-times-square.com\/wp-content\/uploads\/2023\/10\/Dominican-Day-Parade-2023.jpg","type":"image\/jpeg"}],"author":"Paolasinis","twitter_card":"summary_large_image","twitter_misc":{"Scritto da":"Paolasinis","Tempo di lettura stimato":"5 minuti"},"schema":{"@context":"https:\/\/schema.org","@graph":[{"@type":"Article","@id":"https:\/\/welcome-to-times-square.com\/it\/sfilata-del-giorno-dominicano-2023\/#article","isPartOf":{"@id":"https:\/\/welcome-to-times-square.com\/it\/sfilata-del-giorno-dominicano-2023\/"},"author":{"name":"Paolasinis","@id":"https:\/\/welcome-to-times-square.com\/it\/#\/schema\/person\/bfe994acba17ba48e1ad8e944a1b43f9"},"headline":"Sfilata del Giorno Dominicano 2023","datePublished":"2023-10-05T21:22:10+00:00","dateModified":"2025-02-25T09:36:53+00:00","mainEntityOfPage":{"@id":"https:\/\/welcome-to-times-square.com\/it\/sfilata-del-giorno-dominicano-2023\/"},"wordCount":863,"commentCount":0,"publisher":{"@id":"https:\/\/welcome-to-times-square.com\/it\/#organization"},"image":{"@id":"https:\/\/welcome-to-times-square.com\/it\/sfilata-del-giorno-dominicano-2023\/#primaryimage"},"thumbnailUrl":"https:\/\/welcome-to-times-square.com\/wp-content\/uploads\/2023\/10\/Dominican-Day-Parade-2023.jpg","articleSection":["Blog"],"inLanguage":"it-IT","potentialAction":[{"@type":"CommentAction","name":"Comment","target":["https:\/\/welcome-to-times-square.com\/it\/sfilata-del-giorno-dominicano-2023\/#respond"]}]},{"@type":"WebPage","@id":"https:\/\/welcome-to-times-square.com\/it\/sfilata-del-giorno-dominicano-2023\/","url":"https:\/\/welcome-to-times-square.com\/it\/sfilata-del-giorno-dominicano-2023\/","name":"Sfilata del Giorno Dominicano 2023 - times-square","isPartOf":{"@id":"https:\/\/welcome-to-times-square.com\/it\/#website"},"primaryImageOfPage":{"@id":"https:\/\/welcome-to-times-square.com\/it\/sfilata-del-giorno-dominicano-2023\/#primaryimage"},"image":{"@id":"https:\/\/welcome-to-times-square.com\/it\/sfilata-del-giorno-dominicano-2023\/#primaryimage"},"thumbnailUrl":"https:\/\/welcome-to-times-square.com\/wp-content\/uploads\/2023\/10\/Dominican-Day-Parade-2023.jpg","datePublished":"2023-10-05T21:22:10+00:00","dateModified":"2025-02-25T09:36:53+00:00","description":"Questo fine settimana si \u00e8 tenuta a New York City la Dominican Day Parade 2023.","breadcrumb":{"@id":"https:\/\/welcome-to-times-square.com\/it\/sfilata-del-giorno-dominicano-2023\/#breadcrumb"},"inLanguage":"it-IT","potentialAction":[{"@type":"ReadAction","target":["https:\/\/welcome-to-times-square.com\/it\/sfilata-del-giorno-dominicano-2023\/"]}]},{"@type":"ImageObject","inLanguage":"it-IT","@id":"https:\/\/welcome-to-times-square.com\/it\/sfilata-del-giorno-dominicano-2023\/#primaryimage","url":"https:\/\/welcome-to-times-square.com\/wp-content\/uploads\/2023\/10\/Dominican-Day-Parade-2023.jpg","contentUrl":"https:\/\/welcome-to-times-square.com\/wp-content\/uploads\/2023\/10\/Dominican-Day-Parade-2023.jpg","width":1920,"height":1479},{"@type":"BreadcrumbList","@id":"https:\/\/welcome-to-times-square.com\/it\/sfilata-del-giorno-dominicano-2023\/#breadcrumb","itemListElement":[{"@type":"ListItem","position":1,"name":"Home","item":"https:\/\/welcome-to-times-square.com\/it\/"},{"@type":"ListItem","position":2,"name":"Sfilata del Giorno Dominicano 2023"}]},{"@type":"WebSite","@id":"https:\/\/welcome-to-times-square.com\/it\/#website","url":"https:\/\/welcome-to-times-square.com\/it\/","name":"times-square","description":"times-square","publisher":{"@id":"https:\/\/welcome-to-times-square.com\/it\/#organization"},"potentialAction":[{"@type":"SearchAction","target":{"@type":"EntryPoint","urlTemplate":"https:\/\/welcome-to-times-square.com\/it\/?s={search_term_string}"},"query-input":{"@type":"PropertyValueSpecification","valueRequired":true,"valueName":"search_term_string"}}],"inLanguage":"it-IT"},{"@type":"Organization","@id":"https:\/\/welcome-to-times-square.com\/it\/#organization","name":"times-square","url":"https:\/\/welcome-to-times-square.com\/it\/","logo":{"@type":"ImageObject","inLanguage":"it-IT","@id":"https:\/\/welcome-to-times-square.com\/it\/#\/schema\/logo\/image\/","url":"https:\/\/welcome-to-times-square.com\/wp-content\/uploads\/2024\/03\/welcome-to-time-square-logo-with-r.png","contentUrl":"https:\/\/welcome-to-times-square.com\/wp-content\/uploads\/2024\/03\/welcome-to-time-square-logo-with-r.png","width":500,"height":342,"caption":"times-square"},"image":{"@id":"https:\/\/welcome-to-times-square.com\/it\/#\/schema\/logo\/image\/"}},{"@type":"Person","@id":"https:\/\/welcome-to-times-square.com\/it\/#\/schema\/person\/bfe994acba17ba48e1ad8e944a1b43f9","name":"Paolasinis","image":{"@type":"ImageObject","inLanguage":"it-IT","@id":"https:\/\/secure.gravatar.com\/avatar\/a404602c8bcf24fd7781c896a2a21fb17e94b4bd4bec366ad138c02ba5f3b035?s=96&d=mm&r=g","url":"https:\/\/secure.gravatar.com\/avatar\/a404602c8bcf24fd7781c896a2a21fb17e94b4bd4bec366ad138c02ba5f3b035?s=96&d=mm&r=g","contentUrl":"https:\/\/secure.gravatar.com\/avatar\/a404602c8bcf24fd7781c896a2a21fb17e94b4bd4bec366ad138c02ba5f3b035?s=96&d=mm&r=g","caption":"Paolasinis"},"url":"https:\/\/welcome-to-times-square.com\/it\/author\/paolasinis\/"}]}},"_links":{"self":[{"href":"https:\/\/welcome-to-times-square.com\/it\/wp-json\/wp\/v2\/posts\/11231","targetHints":{"allow":["GET"]}}],"collection":[{"href":"https:\/\/welcome-to-times-square.com\/it\/wp-json\/wp\/v2\/posts"}],"about":[{"href":"https:\/\/welcome-to-times-square.com\/it\/wp-json\/wp\/v2\/types\/post"}],"author":[{"embeddable":true,"href":"https:\/\/welcome-to-times-square.com\/it\/wp-json\/wp\/v2\/users\/53"}],"replies":[{"embeddable":true,"href":"https:\/\/welcome-to-times-square.com\/it\/wp-json\/wp\/v2\/comments?post=11231"}],"version-history":[{"count":0,"href":"https:\/\/welcome-to-times-square.com\/it\/wp-json\/wp\/v2\/posts\/11231\/revisions"}],"wp:featuredmedia":[{"embeddable":true,"href":"https:\/\/welcome-to-times-square.com\/it\/wp-json\/wp\/v2\/media\/7589"}],"wp:attachment":[{"href":"https:\/\/welcome-to-times-square.com\/it\/wp-json\/wp\/v2\/media?parent=11231"}],"wp:term":[{"taxonomy":"category","embeddable":true,"href":"https:\/\/welcome-to-times-square.com\/it\/wp-json\/wp\/v2\/categories?post=11231"},{"taxonomy":"post_tag","embeddable":true,"href":"https:\/\/welcome-to-times-square.com\/it\/wp-json\/wp\/v2\/tags?post=11231"}],"curies":[{"name":"wp","href":"https:\/\/api.w.org\/{rel}","templated":true}]}}