{"id":10719,"date":"2023-11-22T05:03:29","date_gmt":"2023-11-22T05:03:29","guid":{"rendered":"https:\/\/welcome-to-times-square.com\/?p=10719"},"modified":"2025-02-25T10:00:13","modified_gmt":"2025-02-25T10:00:13","slug":"o-met-reabre-45-galerias-de-arte-europeias-apos-uma-reforma-de-cinco-anos","status":"publish","type":"post","link":"https:\/\/welcome-to-times-square.com\/pt-br\/o-met-reabre-45-galerias-de-arte-europeias-apos-uma-reforma-de-cinco-anos\/","title":{"rendered":"O Met reabre 45 galerias de arte europeias ap\u00f3s uma reforma de cinco anos"},"content":{"rendered":"<p>As galerias europeias do Metropolitan Museum of Art de Nova York foram reabertas ap\u00f3s um per\u00edodo de renova\u00e7\u00e3o que durou 5 anos, dando aos amantes da arte a oportunidade de apreciar obras excepcionais de grandes artistas como Caravaggio, Goya, El Greco, Vermeer, Leonardo da Vinci e Picasso. Como parte desta renova\u00e7\u00e3o, foi realizada uma reorganiza\u00e7\u00e3o das salas com o objetivo de melhorar a representa\u00e7\u00e3o do di\u00e1logo art\u00edstico entre as v\u00e1rias regi\u00f5es do Velho Continente ao longo dos anos.<\/p>\n<p>Antes da remodela\u00e7\u00e3o, as mais de 40 galerias eram organizadas por escolas ou pa\u00edses, mas agora seguem uma abordagem tem\u00e1tica e cronol\u00f3gica. Esta modifica\u00e7\u00e3o torna mais f\u00e1cil para os visitantes apreciarem a evolu\u00e7\u00e3o da arte europeia.<\/p>\n<p>Max Hollein, diretor do Metropolitan Museum of Art, originalmente da \u00c1ustria, sustenta que a institui\u00e7\u00e3o abriga uma das mais extensas cole\u00e7\u00f5es de pinturas europeias do mundo, atribuindo esta conquista em grande parte \u00e0 generosidade de doadores ricos. A decis\u00e3o de realizar a reforma assumiu import\u00e2ncia cr\u00edtica devido ao decl\u00ednio no n\u00famero de visitantes que o museu tem experimentado desde 2019. Hollein explicou ainda que, com essa mudan\u00e7a no layout, eles esperam que os visitantes descubram novas obras menos conhecidas enquanto se re\u00fanem com seus artistas favoritos.<\/p>\n<p>O sistema de ilumina\u00e7\u00e3o, que data de 1939 e n\u00e3o era reformado desde a d\u00e9cada de 1950, representou um atraso em termos de consumo de energia e avan\u00e7os tecnol\u00f3gicos para o museu. Em 2018, um projeto de reforma de ilumina\u00e7\u00e3o e aquecimento come\u00e7ou, inicialmente sendo implementado em fases para manter a maioria das obras abertas ao p\u00fablico. No entanto, uma vez conclu\u00edda a instala\u00e7\u00e3o dos novos sistemas, o museu fechou completamente as galerias para reorganizar os espa\u00e7os de acordo com os novos crit\u00e9rios.<\/p>\n<p>O Metropolitan Museum of Art deu import\u00e2ncia significativa \u00e0 efici\u00eancia e sustentabilidade de seu projeto de reforma. As tr\u00eas alas do edif\u00edcio, que abrigam as 45 salas (equivalente a um quarteir\u00e3o inteiro na cidade de Nova York), foram as principais consumidoras de energia do museu. Gra\u00e7as ao novo sistema de ilumina\u00e7\u00e3o, aquecimento e resfriamento, milh\u00f5es de d\u00f3lares em economia s\u00e3o antecipados para a cidade, que assume os custos dos servi\u00e7os p\u00fablicos. A simples implementa\u00e7\u00e3o de claraboias, por si s\u00f3, \u00e9 projetada para reduzir a pegada de carbono geral do Met em 7%, ao mesmo tempo em que mitiga os riscos de condensa\u00e7\u00e3o associados \u00e0s claraboias envelhecidas.<\/p>\n<p>O resultado final tamb\u00e9m permite que os visitantes explorem a hist\u00f3ria da arte europeia do s\u00e9culo XIV at\u00e9 praticamente os dias atuais, embora obras de arte moderna e contempor\u00e2nea continuem a ocupar espa\u00e7os separados.<\/p>\n<p>A mudan\u00e7a no foco da exposi\u00e7\u00e3o se tornou uma tend\u00eancia em muitas galerias contempor\u00e2neas, pois torna a arte mais f\u00e1cil de entender para um p\u00fablico mais amplo. Este novo design leva os visitantes da regi\u00e3o da Lombardia sob o governo da fam\u00edlia Sforza, onde a perspectiva de Da Vinci encontra o tenebrismo de Caravaggio, para as academias de pintura francesas do s\u00e9culo XVII, onde figuras como Charles Le Brun revolucionaram a arte nacional.<\/p>\n<p>Para a transi\u00e7\u00e3o para o s\u00e9culo XX, o Met destaca a sala dedicada ao artista cretense Dom\u00e9nikos Theotok\u00f3poulos, conhecido como El Greco. Seu estilo distinto, com c\u00e2nones alongados e atmosferas sobrenaturais, lan\u00e7ou as bases do modernismo. Os curadores do Met colocaram uma obra de Picasso, &#8220;O Ator&#8221;, no meio da cole\u00e7\u00e3o de obras de El Greco, aparentemente de forma confusa, mas com a inten\u00e7\u00e3o de destacar El Greco como uma das grandes inspira\u00e7\u00f5es do artista de M\u00e1laga.<\/p>\n<p>Da mesma forma, uma pintura de Dal\u00ed, &#8220;Crucifica\u00e7\u00e3o&#8221;, \u00e9 apresentada cercada por motivos religiosos do barroco espanhol. Uma das mudan\u00e7as mais sugestivas e \u00fanicas \u00e9 a sala dedicada \u00e0 arte do Vice-Reino do Peru e outros territ\u00f3rios das Am\u00e9ricas espanholas, onde os motivos religiosos se entrela\u00e7am com a sensibilidade e as texturas da arte ind\u00edgena, expressando autenticamente o legado do Imp\u00e9rio Espanhol no novo continente.<\/p>\n<p>O museu \u00e9 constru\u00eddo no estilo Beaux Arts e est\u00e1 localizado na Quinta Avenida, pr\u00f3ximo ao Central Park. Al\u00e9m das pinturas em exposi\u00e7\u00e3o, o Met adquiriu recentemente pinturas e retratos de mulheres artistas, como uma natureza morta criada pela pintora flamenga Clara Peeters no s\u00e9culo XVII ou o retrato de uma mulher indiana pelo pintor brit\u00e2nico William Wood durante a era colonial do s\u00e9culo XVIII.<\/p>\n<p>Juntas, essas mudan\u00e7as buscam transmitir ao visitante a ideia de que a arte europeia \u00e9 org\u00e2nica e din\u00e2mica. Apesar das diferen\u00e7as nas formas, os grandes mestres europeus influenciam a cria\u00e7\u00e3o art\u00edstica uns dos outros.<\/p>\n<p>Temos o pre\u00e7o imbat\u00edvel de US$ 500 por dia para seu outdoor:<\/p>\n<p><strong>Op\u00e7\u00e3o 1:<\/strong> Seu v\u00eddeo\/foto de 60 segundos ser\u00e1 exibido, 60 segundos por hora, 22 vezes por dia.<\/p>\n<p><strong>Op\u00e7\u00e3o 2:<\/strong> Seu v\u00eddeo\/foto de 30 segundos ser\u00e1 exibido, duas vezes por hora, 44 vezes por dia.<\/p>\n<p><strong>Op\u00e7\u00e3o 3:<\/strong> Seu v\u00eddeo\/foto de 15 segundos ser\u00e1 exibido 4 vezes por hora, 88 vezes por dia.<\/p>\n<p>Por favor, informe-nos qual op\u00e7\u00e3o voc\u00ea gostaria de escolher. Lembre-se de que temos um tempo de resposta de 72 horas.<\/p>\n","protected":false},"excerpt":{"rendered":"As galerias europeias do Metropolitan Museum of Art de Nova York foram reabertas ap\u00f3s um per\u00edodo de renova\u00e7\u00e3o que durou 5 anos, dando aos amantes da arte a oportunidade de apreciar obras excepcionais de grandes artistas como Caravaggio, Goya, El Greco, Vermeer, Leonardo da Vinci e Picasso. Como parte desta renova\u00e7\u00e3o, foi realizada uma reorganiza\u00e7\u00e3o [...]<a href=\"https:\/\/welcome-to-times-square.com\/pt-br\/o-met-reabre-45-galerias-de-arte-europeias-apos-uma-reforma-de-cinco-anos\/\" class=\"read-more wyz-secondary-color-text\">read more<span class=\"screen-reader-text\">O Met reabre 45 galerias de arte europeias ap\u00f3s uma reforma de cinco anos<\/span><\/a>","protected":false},"author":53,"featured_media":7940,"comment_status":"open","ping_status":"open","sticky":false,"template":"","format":"standard","meta":{"footnotes":""},"categories":[163],"tags":[],"class_list":["post-10719","post","type-post","status-publish","format-standard","has-post-thumbnail","hentry","category-blog-pt-br"],"yoast_head":"<!-- This site is optimized with the Yoast SEO plugin v27.2 - https:\/\/yoast.com\/product\/yoast-seo-wordpress\/ -->\n<title>O Met reabre 45 galerias de arte europeias ap\u00f3s uma reforma de cinco anos - times-square<\/title>\n<meta name=\"description\" content=\"As galerias europeias do Metropolitan Museum of Art de Nova York foram reabertas ap\u00f3s um per\u00edodo de renova\u00e7\u00e3o que durou 5 anos, dando aos amantes da arte a oportunidade de apreciar obras excepcionais de grandes artistas como Caravaggio, Goya, El Greco, Vermeer, Leonardo da Vinci e Picasso.\" \/>\n<meta name=\"robots\" content=\"index, follow, max-snippet:-1, max-image-preview:large, max-video-preview:-1\" \/>\n<link rel=\"canonical\" href=\"https:\/\/welcome-to-times-square.com\/pt-br\/o-met-reabre-45-galerias-de-arte-europeias-apos-uma-reforma-de-cinco-anos\/\" \/>\n<meta property=\"og:locale\" content=\"pt_BR\" \/>\n<meta property=\"og:type\" content=\"article\" \/>\n<meta property=\"og:title\" content=\"O Met reabre 45 galerias de arte europeias ap\u00f3s uma reforma de cinco anos - times-square\" \/>\n<meta property=\"og:description\" content=\"As galerias europeias do Metropolitan Museum of Art de Nova York foram reabertas ap\u00f3s um per\u00edodo de renova\u00e7\u00e3o que durou 5 anos, dando aos amantes da arte a oportunidade de apreciar obras excepcionais de grandes artistas como Caravaggio, Goya, El Greco, Vermeer, Leonardo da Vinci e Picasso.\" \/>\n<meta property=\"og:url\" content=\"https:\/\/welcome-to-times-square.com\/pt-br\/o-met-reabre-45-galerias-de-arte-europeias-apos-uma-reforma-de-cinco-anos\/\" \/>\n<meta property=\"og:site_name\" content=\"times-square\" \/>\n<meta property=\"article:published_time\" content=\"2023-11-22T05:03:29+00:00\" \/>\n<meta property=\"article:modified_time\" content=\"2025-02-25T10:00:13+00:00\" \/>\n<meta property=\"og:image\" content=\"https:\/\/welcome-to-times-square.com\/wp-content\/uploads\/2024\/01\/Museo-Metropolitano-de-Arte-de-Nueva-York.png\" \/>\n\t<meta property=\"og:image:width\" content=\"968\" \/>\n\t<meta property=\"og:image:height\" content=\"680\" \/>\n\t<meta property=\"og:image:type\" content=\"image\/png\" \/>\n<meta name=\"author\" content=\"Paolasinis\" \/>\n<meta name=\"twitter:card\" content=\"summary_large_image\" \/>\n<meta name=\"twitter:label1\" content=\"Escrito por\" \/>\n\t<meta name=\"twitter:data1\" content=\"Paolasinis\" \/>\n\t<meta name=\"twitter:label2\" content=\"Est. tempo de leitura\" \/>\n\t<meta name=\"twitter:data2\" content=\"4 minutos\" \/>\n<script type=\"application\/ld+json\" class=\"yoast-schema-graph\">{\"@context\":\"https:\/\/schema.org\",\"@graph\":[{\"@type\":\"Article\",\"@id\":\"https:\/\/welcome-to-times-square.com\/pt-br\/o-met-reabre-45-galerias-de-arte-europeias-apos-uma-reforma-de-cinco-anos\/#article\",\"isPartOf\":{\"@id\":\"https:\/\/welcome-to-times-square.com\/pt-br\/o-met-reabre-45-galerias-de-arte-europeias-apos-uma-reforma-de-cinco-anos\/\"},\"author\":{\"name\":\"Paolasinis\",\"@id\":\"https:\/\/welcome-to-times-square.com\/pt-br\/#\/schema\/person\/bfe994acba17ba48e1ad8e944a1b43f9\"},\"headline\":\"O Met reabre 45 galerias de arte europeias ap\u00f3s uma reforma de cinco anos\",\"datePublished\":\"2023-11-22T05:03:29+00:00\",\"dateModified\":\"2025-02-25T10:00:13+00:00\",\"mainEntityOfPage\":{\"@id\":\"https:\/\/welcome-to-times-square.com\/pt-br\/o-met-reabre-45-galerias-de-arte-europeias-apos-uma-reforma-de-cinco-anos\/\"},\"wordCount\":913,\"commentCount\":0,\"publisher\":{\"@id\":\"https:\/\/welcome-to-times-square.com\/pt-br\/#organization\"},\"image\":{\"@id\":\"https:\/\/welcome-to-times-square.com\/pt-br\/o-met-reabre-45-galerias-de-arte-europeias-apos-uma-reforma-de-cinco-anos\/#primaryimage\"},\"thumbnailUrl\":\"https:\/\/welcome-to-times-square.com\/wp-content\/uploads\/2024\/01\/Museo-Metropolitano-de-Arte-de-Nueva-York.png\",\"articleSection\":[\"Blog\"],\"inLanguage\":\"pt-BR\",\"potentialAction\":[{\"@type\":\"CommentAction\",\"name\":\"Comment\",\"target\":[\"https:\/\/welcome-to-times-square.com\/pt-br\/o-met-reabre-45-galerias-de-arte-europeias-apos-uma-reforma-de-cinco-anos\/#respond\"]}]},{\"@type\":\"WebPage\",\"@id\":\"https:\/\/welcome-to-times-square.com\/pt-br\/o-met-reabre-45-galerias-de-arte-europeias-apos-uma-reforma-de-cinco-anos\/\",\"url\":\"https:\/\/welcome-to-times-square.com\/pt-br\/o-met-reabre-45-galerias-de-arte-europeias-apos-uma-reforma-de-cinco-anos\/\",\"name\":\"O Met reabre 45 galerias de arte europeias ap\u00f3s uma reforma de cinco anos - times-square\",\"isPartOf\":{\"@id\":\"https:\/\/welcome-to-times-square.com\/pt-br\/#website\"},\"primaryImageOfPage\":{\"@id\":\"https:\/\/welcome-to-times-square.com\/pt-br\/o-met-reabre-45-galerias-de-arte-europeias-apos-uma-reforma-de-cinco-anos\/#primaryimage\"},\"image\":{\"@id\":\"https:\/\/welcome-to-times-square.com\/pt-br\/o-met-reabre-45-galerias-de-arte-europeias-apos-uma-reforma-de-cinco-anos\/#primaryimage\"},\"thumbnailUrl\":\"https:\/\/welcome-to-times-square.com\/wp-content\/uploads\/2024\/01\/Museo-Metropolitano-de-Arte-de-Nueva-York.png\",\"datePublished\":\"2023-11-22T05:03:29+00:00\",\"dateModified\":\"2025-02-25T10:00:13+00:00\",\"description\":\"As galerias europeias do Metropolitan Museum of Art de Nova York foram reabertas ap\u00f3s um per\u00edodo de renova\u00e7\u00e3o que durou 5 anos, dando aos amantes da arte a oportunidade de apreciar obras excepcionais de grandes artistas como Caravaggio, Goya, El Greco, Vermeer, Leonardo da Vinci e Picasso.\",\"breadcrumb\":{\"@id\":\"https:\/\/welcome-to-times-square.com\/pt-br\/o-met-reabre-45-galerias-de-arte-europeias-apos-uma-reforma-de-cinco-anos\/#breadcrumb\"},\"inLanguage\":\"pt-BR\",\"potentialAction\":[{\"@type\":\"ReadAction\",\"target\":[\"https:\/\/welcome-to-times-square.com\/pt-br\/o-met-reabre-45-galerias-de-arte-europeias-apos-uma-reforma-de-cinco-anos\/\"]}]},{\"@type\":\"ImageObject\",\"inLanguage\":\"pt-BR\",\"@id\":\"https:\/\/welcome-to-times-square.com\/pt-br\/o-met-reabre-45-galerias-de-arte-europeias-apos-uma-reforma-de-cinco-anos\/#primaryimage\",\"url\":\"https:\/\/welcome-to-times-square.com\/wp-content\/uploads\/2024\/01\/Museo-Metropolitano-de-Arte-de-Nueva-York.png\",\"contentUrl\":\"https:\/\/welcome-to-times-square.com\/wp-content\/uploads\/2024\/01\/Museo-Metropolitano-de-Arte-de-Nueva-York.png\",\"width\":968,\"height\":680,\"caption\":\"Metropolitan Museum of Art\"},{\"@type\":\"BreadcrumbList\",\"@id\":\"https:\/\/welcome-to-times-square.com\/pt-br\/o-met-reabre-45-galerias-de-arte-europeias-apos-uma-reforma-de-cinco-anos\/#breadcrumb\",\"itemListElement\":[{\"@type\":\"ListItem\",\"position\":1,\"name\":\"Home\",\"item\":\"https:\/\/welcome-to-times-square.com\/pt-br\/\"},{\"@type\":\"ListItem\",\"position\":2,\"name\":\"O Met reabre 45 galerias de arte europeias ap\u00f3s uma reforma de cinco anos\"}]},{\"@type\":\"WebSite\",\"@id\":\"https:\/\/welcome-to-times-square.com\/pt-br\/#website\",\"url\":\"https:\/\/welcome-to-times-square.com\/pt-br\/\",\"name\":\"times-square\",\"description\":\"times-square\",\"publisher\":{\"@id\":\"https:\/\/welcome-to-times-square.com\/pt-br\/#organization\"},\"potentialAction\":[{\"@type\":\"SearchAction\",\"target\":{\"@type\":\"EntryPoint\",\"urlTemplate\":\"https:\/\/welcome-to-times-square.com\/pt-br\/?s={search_term_string}\"},\"query-input\":{\"@type\":\"PropertyValueSpecification\",\"valueRequired\":true,\"valueName\":\"search_term_string\"}}],\"inLanguage\":\"pt-BR\"},{\"@type\":\"Organization\",\"@id\":\"https:\/\/welcome-to-times-square.com\/pt-br\/#organization\",\"name\":\"times-square\",\"url\":\"https:\/\/welcome-to-times-square.com\/pt-br\/\",\"logo\":{\"@type\":\"ImageObject\",\"inLanguage\":\"pt-BR\",\"@id\":\"https:\/\/welcome-to-times-square.com\/pt-br\/#\/schema\/logo\/image\/\",\"url\":\"https:\/\/welcome-to-times-square.com\/wp-content\/uploads\/2024\/03\/welcome-to-time-square-logo-with-r.png\",\"contentUrl\":\"https:\/\/welcome-to-times-square.com\/wp-content\/uploads\/2024\/03\/welcome-to-time-square-logo-with-r.png\",\"width\":500,\"height\":342,\"caption\":\"times-square\"},\"image\":{\"@id\":\"https:\/\/welcome-to-times-square.com\/pt-br\/#\/schema\/logo\/image\/\"}},{\"@type\":\"Person\",\"@id\":\"https:\/\/welcome-to-times-square.com\/pt-br\/#\/schema\/person\/bfe994acba17ba48e1ad8e944a1b43f9\",\"name\":\"Paolasinis\",\"image\":{\"@type\":\"ImageObject\",\"inLanguage\":\"pt-BR\",\"@id\":\"https:\/\/secure.gravatar.com\/avatar\/a404602c8bcf24fd7781c896a2a21fb17e94b4bd4bec366ad138c02ba5f3b035?s=96&d=mm&r=g\",\"url\":\"https:\/\/secure.gravatar.com\/avatar\/a404602c8bcf24fd7781c896a2a21fb17e94b4bd4bec366ad138c02ba5f3b035?s=96&d=mm&r=g\",\"contentUrl\":\"https:\/\/secure.gravatar.com\/avatar\/a404602c8bcf24fd7781c896a2a21fb17e94b4bd4bec366ad138c02ba5f3b035?s=96&d=mm&r=g\",\"caption\":\"Paolasinis\"},\"url\":\"https:\/\/welcome-to-times-square.com\/pt-br\/author\/paolasinis\/\"}]}<\/script>\n<!-- \/ Yoast SEO plugin. -->","yoast_head_json":{"title":"O Met reabre 45 galerias de arte europeias ap\u00f3s uma reforma de cinco anos - times-square","description":"As galerias europeias do Metropolitan Museum of Art de Nova York foram reabertas ap\u00f3s um per\u00edodo de renova\u00e7\u00e3o que durou 5 anos, dando aos amantes da arte a oportunidade de apreciar obras excepcionais de grandes artistas como Caravaggio, Goya, El Greco, Vermeer, Leonardo da Vinci e Picasso.","robots":{"index":"index","follow":"follow","max-snippet":"max-snippet:-1","max-image-preview":"max-image-preview:large","max-video-preview":"max-video-preview:-1"},"canonical":"https:\/\/welcome-to-times-square.com\/pt-br\/o-met-reabre-45-galerias-de-arte-europeias-apos-uma-reforma-de-cinco-anos\/","og_locale":"pt_BR","og_type":"article","og_title":"O Met reabre 45 galerias de arte europeias ap\u00f3s uma reforma de cinco anos - times-square","og_description":"As galerias europeias do Metropolitan Museum of Art de Nova York foram reabertas ap\u00f3s um per\u00edodo de renova\u00e7\u00e3o que durou 5 anos, dando aos amantes da arte a oportunidade de apreciar obras excepcionais de grandes artistas como Caravaggio, Goya, El Greco, Vermeer, Leonardo da Vinci e Picasso.","og_url":"https:\/\/welcome-to-times-square.com\/pt-br\/o-met-reabre-45-galerias-de-arte-europeias-apos-uma-reforma-de-cinco-anos\/","og_site_name":"times-square","article_published_time":"2023-11-22T05:03:29+00:00","article_modified_time":"2025-02-25T10:00:13+00:00","og_image":[{"width":968,"height":680,"url":"https:\/\/welcome-to-times-square.com\/wp-content\/uploads\/2024\/01\/Museo-Metropolitano-de-Arte-de-Nueva-York.png","type":"image\/png"}],"author":"Paolasinis","twitter_card":"summary_large_image","twitter_misc":{"Escrito por":"Paolasinis","Est. tempo de leitura":"4 minutos"},"schema":{"@context":"https:\/\/schema.org","@graph":[{"@type":"Article","@id":"https:\/\/welcome-to-times-square.com\/pt-br\/o-met-reabre-45-galerias-de-arte-europeias-apos-uma-reforma-de-cinco-anos\/#article","isPartOf":{"@id":"https:\/\/welcome-to-times-square.com\/pt-br\/o-met-reabre-45-galerias-de-arte-europeias-apos-uma-reforma-de-cinco-anos\/"},"author":{"name":"Paolasinis","@id":"https:\/\/welcome-to-times-square.com\/pt-br\/#\/schema\/person\/bfe994acba17ba48e1ad8e944a1b43f9"},"headline":"O Met reabre 45 galerias de arte europeias ap\u00f3s uma reforma de cinco anos","datePublished":"2023-11-22T05:03:29+00:00","dateModified":"2025-02-25T10:00:13+00:00","mainEntityOfPage":{"@id":"https:\/\/welcome-to-times-square.com\/pt-br\/o-met-reabre-45-galerias-de-arte-europeias-apos-uma-reforma-de-cinco-anos\/"},"wordCount":913,"commentCount":0,"publisher":{"@id":"https:\/\/welcome-to-times-square.com\/pt-br\/#organization"},"image":{"@id":"https:\/\/welcome-to-times-square.com\/pt-br\/o-met-reabre-45-galerias-de-arte-europeias-apos-uma-reforma-de-cinco-anos\/#primaryimage"},"thumbnailUrl":"https:\/\/welcome-to-times-square.com\/wp-content\/uploads\/2024\/01\/Museo-Metropolitano-de-Arte-de-Nueva-York.png","articleSection":["Blog"],"inLanguage":"pt-BR","potentialAction":[{"@type":"CommentAction","name":"Comment","target":["https:\/\/welcome-to-times-square.com\/pt-br\/o-met-reabre-45-galerias-de-arte-europeias-apos-uma-reforma-de-cinco-anos\/#respond"]}]},{"@type":"WebPage","@id":"https:\/\/welcome-to-times-square.com\/pt-br\/o-met-reabre-45-galerias-de-arte-europeias-apos-uma-reforma-de-cinco-anos\/","url":"https:\/\/welcome-to-times-square.com\/pt-br\/o-met-reabre-45-galerias-de-arte-europeias-apos-uma-reforma-de-cinco-anos\/","name":"O Met reabre 45 galerias de arte europeias ap\u00f3s uma reforma de cinco anos - times-square","isPartOf":{"@id":"https:\/\/welcome-to-times-square.com\/pt-br\/#website"},"primaryImageOfPage":{"@id":"https:\/\/welcome-to-times-square.com\/pt-br\/o-met-reabre-45-galerias-de-arte-europeias-apos-uma-reforma-de-cinco-anos\/#primaryimage"},"image":{"@id":"https:\/\/welcome-to-times-square.com\/pt-br\/o-met-reabre-45-galerias-de-arte-europeias-apos-uma-reforma-de-cinco-anos\/#primaryimage"},"thumbnailUrl":"https:\/\/welcome-to-times-square.com\/wp-content\/uploads\/2024\/01\/Museo-Metropolitano-de-Arte-de-Nueva-York.png","datePublished":"2023-11-22T05:03:29+00:00","dateModified":"2025-02-25T10:00:13+00:00","description":"As galerias europeias do Metropolitan Museum of Art de Nova York foram reabertas ap\u00f3s um per\u00edodo de renova\u00e7\u00e3o que durou 5 anos, dando aos amantes da arte a oportunidade de apreciar obras excepcionais de grandes artistas como Caravaggio, Goya, El Greco, Vermeer, Leonardo da Vinci e Picasso.","breadcrumb":{"@id":"https:\/\/welcome-to-times-square.com\/pt-br\/o-met-reabre-45-galerias-de-arte-europeias-apos-uma-reforma-de-cinco-anos\/#breadcrumb"},"inLanguage":"pt-BR","potentialAction":[{"@type":"ReadAction","target":["https:\/\/welcome-to-times-square.com\/pt-br\/o-met-reabre-45-galerias-de-arte-europeias-apos-uma-reforma-de-cinco-anos\/"]}]},{"@type":"ImageObject","inLanguage":"pt-BR","@id":"https:\/\/welcome-to-times-square.com\/pt-br\/o-met-reabre-45-galerias-de-arte-europeias-apos-uma-reforma-de-cinco-anos\/#primaryimage","url":"https:\/\/welcome-to-times-square.com\/wp-content\/uploads\/2024\/01\/Museo-Metropolitano-de-Arte-de-Nueva-York.png","contentUrl":"https:\/\/welcome-to-times-square.com\/wp-content\/uploads\/2024\/01\/Museo-Metropolitano-de-Arte-de-Nueva-York.png","width":968,"height":680,"caption":"Metropolitan Museum of Art"},{"@type":"BreadcrumbList","@id":"https:\/\/welcome-to-times-square.com\/pt-br\/o-met-reabre-45-galerias-de-arte-europeias-apos-uma-reforma-de-cinco-anos\/#breadcrumb","itemListElement":[{"@type":"ListItem","position":1,"name":"Home","item":"https:\/\/welcome-to-times-square.com\/pt-br\/"},{"@type":"ListItem","position":2,"name":"O Met reabre 45 galerias de arte europeias ap\u00f3s uma reforma de cinco anos"}]},{"@type":"WebSite","@id":"https:\/\/welcome-to-times-square.com\/pt-br\/#website","url":"https:\/\/welcome-to-times-square.com\/pt-br\/","name":"times-square","description":"times-square","publisher":{"@id":"https:\/\/welcome-to-times-square.com\/pt-br\/#organization"},"potentialAction":[{"@type":"SearchAction","target":{"@type":"EntryPoint","urlTemplate":"https:\/\/welcome-to-times-square.com\/pt-br\/?s={search_term_string}"},"query-input":{"@type":"PropertyValueSpecification","valueRequired":true,"valueName":"search_term_string"}}],"inLanguage":"pt-BR"},{"@type":"Organization","@id":"https:\/\/welcome-to-times-square.com\/pt-br\/#organization","name":"times-square","url":"https:\/\/welcome-to-times-square.com\/pt-br\/","logo":{"@type":"ImageObject","inLanguage":"pt-BR","@id":"https:\/\/welcome-to-times-square.com\/pt-br\/#\/schema\/logo\/image\/","url":"https:\/\/welcome-to-times-square.com\/wp-content\/uploads\/2024\/03\/welcome-to-time-square-logo-with-r.png","contentUrl":"https:\/\/welcome-to-times-square.com\/wp-content\/uploads\/2024\/03\/welcome-to-time-square-logo-with-r.png","width":500,"height":342,"caption":"times-square"},"image":{"@id":"https:\/\/welcome-to-times-square.com\/pt-br\/#\/schema\/logo\/image\/"}},{"@type":"Person","@id":"https:\/\/welcome-to-times-square.com\/pt-br\/#\/schema\/person\/bfe994acba17ba48e1ad8e944a1b43f9","name":"Paolasinis","image":{"@type":"ImageObject","inLanguage":"pt-BR","@id":"https:\/\/secure.gravatar.com\/avatar\/a404602c8bcf24fd7781c896a2a21fb17e94b4bd4bec366ad138c02ba5f3b035?s=96&d=mm&r=g","url":"https:\/\/secure.gravatar.com\/avatar\/a404602c8bcf24fd7781c896a2a21fb17e94b4bd4bec366ad138c02ba5f3b035?s=96&d=mm&r=g","contentUrl":"https:\/\/secure.gravatar.com\/avatar\/a404602c8bcf24fd7781c896a2a21fb17e94b4bd4bec366ad138c02ba5f3b035?s=96&d=mm&r=g","caption":"Paolasinis"},"url":"https:\/\/welcome-to-times-square.com\/pt-br\/author\/paolasinis\/"}]}},"_links":{"self":[{"href":"https:\/\/welcome-to-times-square.com\/pt-br\/wp-json\/wp\/v2\/posts\/10719","targetHints":{"allow":["GET"]}}],"collection":[{"href":"https:\/\/welcome-to-times-square.com\/pt-br\/wp-json\/wp\/v2\/posts"}],"about":[{"href":"https:\/\/welcome-to-times-square.com\/pt-br\/wp-json\/wp\/v2\/types\/post"}],"author":[{"embeddable":true,"href":"https:\/\/welcome-to-times-square.com\/pt-br\/wp-json\/wp\/v2\/users\/53"}],"replies":[{"embeddable":true,"href":"https:\/\/welcome-to-times-square.com\/pt-br\/wp-json\/wp\/v2\/comments?post=10719"}],"version-history":[{"count":0,"href":"https:\/\/welcome-to-times-square.com\/pt-br\/wp-json\/wp\/v2\/posts\/10719\/revisions"}],"wp:featuredmedia":[{"embeddable":true,"href":"https:\/\/welcome-to-times-square.com\/pt-br\/wp-json\/wp\/v2\/media\/7940"}],"wp:attachment":[{"href":"https:\/\/welcome-to-times-square.com\/pt-br\/wp-json\/wp\/v2\/media?parent=10719"}],"wp:term":[{"taxonomy":"category","embeddable":true,"href":"https:\/\/welcome-to-times-square.com\/pt-br\/wp-json\/wp\/v2\/categories?post=10719"},{"taxonomy":"post_tag","embeddable":true,"href":"https:\/\/welcome-to-times-square.com\/pt-br\/wp-json\/wp\/v2\/tags?post=10719"}],"curies":[{"name":"wp","href":"https:\/\/api.w.org\/{rel}","templated":true}]}}