{"id":9926,"date":"2024-04-19T21:03:32","date_gmt":"2024-04-19T21:03:32","guid":{"rendered":"https:\/\/welcome-to-times-square.com\/world-earth-day-is-commemorated-every-april-22nd\/"},"modified":"2025-01-29T12:00:26","modified_gmt":"2025-01-29T12:00:26","slug":"world-earth-day-is-commemorated-every-april-22nd","status":"publish","type":"post","link":"https:\/\/welcome-to-times-square.com\/pt-br\/world-earth-day-is-commemorated-every-april-22nd\/","title":{"rendered":"O Dia Mundial da Terra \u00e9 comemorado todo dia 22 de abril"},"content":{"rendered":"<p>Esta data \u00e9 oficialmente reconhecida pelas Na\u00e7\u00f5es Unidas e tem como objetivo conscientizar sobre quest\u00f5es como superpopula\u00e7\u00e3o, polui\u00e7\u00e3o e a necessidade de preserva\u00e7\u00e3o da biodiversidade.<\/p>\n<p>O primeiro protesto ocorreu em 22 de abril de 1970, liderado pelo senador e ativista ambiental Gaylord Nelson, com o objetivo de estabelecer uma ag\u00eancia ambiental. Duas mil universidades, dez mil escolas (prim\u00e1rias e secund\u00e1rias) e centenas de comunidades participaram deste evento. A press\u00e3o social rendeu resultados positivos, e o governo dos Estados Unidos criou a Ag\u00eancia de Prote\u00e7\u00e3o Ambiental e uma s\u00e9rie de leis para a conserva\u00e7\u00e3o ambiental.<\/p>\n<p>Em 1972, foi realizada a primeira confer\u00eancia internacional sobre meio ambiente, a C\u00fapula da Terra de Estocolmo, que teve como objetivo conscientizar os l\u00edderes mundiais sobre a gravidade dos problemas ambientais.<\/p>\n<p>Todos os anos, no dia 22 de abril, \u00e9 comemorado o Dia da Terra, e o tema deste ano \u00e9 &#8220;O planeta contra os pl\u00e1sticos&#8221;.<\/p>\n<p>Ativistas est\u00e3o alertando sobre a presen\u00e7a prejudicial de pl\u00e1sticos no meio ambiente e pedindo uma redu\u00e7\u00e3o de 60% em seu uso at\u00e9 2040. Mais de 140 pa\u00edses ao redor do mundo se juntam a esta celebra\u00e7\u00e3o com v\u00e1rias atividades, e a cidade de Nova York n\u00e3o \u00e9 exce\u00e7\u00e3o.<\/p>\n<p>Haver\u00e1 confer\u00eancias, eventos e, em alguns casos, voc\u00ea pode at\u00e9 ganhar uma \u00e1rvore de gra\u00e7a.<\/p>\n<p><strong>Bronx River Open House<\/strong><\/p>\n<p>O Departamento de Parques da Cidade de Nova York celebrar\u00e1 o Dia da Terra com uma s\u00e9rie de atividades no Rio Bronx.<\/p>\n<p>No evento de portas abertas, voc\u00ea pode participar de atividades como passeios de canoa, caminhadas, doa\u00e7\u00f5es de \u00e1rvores e plantas e reparos gratuitos de bicicletas, entre outros eventos.<\/p>\n<p>O encontro ser\u00e1 no Starlight Park, localizado na 149 Sheridan Avenue, no Bronx.<\/p>\n<p>Para se registrar, clique no link a seguir.<\/p>\n<p>O Departamento de Parques tem dezenas de eventos gratuitos durante o fim de semana para o Dia da Terra. Clique neste link para encontrar o mais pr\u00f3ximo de voc\u00ea.<\/p>\n<p><strong>Plante uma \u00e1rvore<\/strong><\/p>\n<p><strong>Qual melhor maneira de celebrar o Dia da Terra do que plantando uma \u00e1rvore?<\/strong><\/p>\n<p>Para fazer isso, o New York Restoration Project come\u00e7ou a entregar \u00e1rvores gratuitas neste m\u00eas.<\/p>\n<p>Os interessados \u200b\u200bdevem se registrar neste link.<\/p>\n<p>Durante o fim de semana, as entregas ser\u00e3o feitas nestes locais:<\/p>\n<p>Wyckoff House Museum e membro do conselho Farah Louis \u2014 s\u00e1bado 20, 10h-12h<\/p>\n<p>Bronx River Alliance \u2014 s\u00e1bado 20, 14h-16h<\/p>\n<p>Ewen Park Stewards, Tibbetts Brook Beautification Association e Kingsbridge Heights Community Center \u2014 domingo 21, 10h-12h<\/p>\n<p>Discovery Community Gardens e presidente do conselho da cidade de Nova York, Adrienne E. Adams \u2014 domingo 21, 14h-16h<\/p>\n<p><strong>Ruas abertas nos cinco distritos<\/strong><\/p>\n<p>O Departamento de Transporte realizar\u00e1 o programa &#8216;Ruas abertas&#8217; neste s\u00e1bado, 20 de abril, no Dia da Terra. Das 10h da manh\u00e3 at\u00e9 as 16h da tarde, v\u00e1rias ruas da cidade estar\u00e3o fechadas para eventos e atividades.<\/p>\n<p>Aqui est\u00e3o alguns dos pontos mais importantes onde v\u00e1rias atividades ocorrer\u00e3o.<\/p>\n<ul>\n<li>Voc\u00ea pode conferir a lista completa de fechamentos neste link.<\/li>\n<li>East 188th Street da East Fordham Road at\u00e9 Grand Concourse e Creston Ave, no Bronx.<\/li>\n<li>Fifth Avenue da 40th Street at\u00e9 a 45th Street, no Brooklyn.<\/li>\n<li>Broadway da 17th Street at\u00e9 a 46th Street, em Manhattan.<\/li>\n<li>St. Nicholas Avenue da 181st Street at\u00e9 a 190th Street, em Manhattan.<\/li>\n<li>Woodside Avenue da 75th Street at\u00e9 a 78th Street, no Queens.<\/li>\n<li>Eles tamb\u00e9m dar\u00e3o passeios de bicicleta de 30 minutos para usu\u00e1rios do Citi Bike Daypass.<\/li>\n<li>Os usu\u00e1rios deste sistema s\u00f3 precisam digitar o c\u00f3digo CARFREE24 no aplicativo.<\/li>\n<\/ul>\n<p><strong>Aulas de ioga gratuitas<\/strong><\/p>\n<p>Para o Dia da Terra, o Departamento de Parques da Cidade de Nova York oferecer\u00e1 aulas de ioga gratuitas no pr\u00f3ximo domingo, 21 de abril.<\/p>\n<p>O compromisso \u00e9 \u00e0s 11:00 da manh\u00e3 no Fort Tyron Park, em Manhattan.<\/p>\n<p>\u00c9 recomend\u00e1vel chegar cerca de 15 minutos antes para se registrar.<\/p>\n<p><strong>Concerto na Times Square<\/strong><\/p>\n<p>Para comemorar o Dia da Terra, um concerto gratuito ser\u00e1 realizado na Times Square no s\u00e1bado.<\/p>\n<p>A Broadway Green Alliance e a Times Square Alliance apresentar\u00e3o artistas renomados da Broadway nesta celebra\u00e7\u00e3o musical que come\u00e7ar\u00e1 \u00e0s 11:00 da manh\u00e3 e terminar\u00e1 \u00e0s 3:00 da tarde.<\/p>\n<p><strong>Colabore plantando no Queens County Farm Museum<\/strong><\/p>\n<p>O Queens County Farm Museum realizar\u00e1 uma s\u00e9rie de atividades gratuitas na segunda-feira, 22 de abril, onde voc\u00ea pode colaborar no trabalho da fazenda.<\/p>\n<p>Aqueles que comparecerem podem plantar, preparar composto e aprender sobre essas atividades.<\/p>\n<p>A inscri\u00e7\u00e3o \u00e9 gratuita clicando neste link, mas eles sugerem colaborar com uma doa\u00e7\u00e3o.<\/p>\n<p><strong>Dia da Terra em Governors Island<\/strong><\/p>\n<p>Governors Island realizar\u00e1 uma s\u00e9rie de atividades gratuitas para todos no s\u00e1bado, dia 20.<\/p>\n<p>Haver\u00e1 confer\u00eancias, atividades, aulas de horticultura, workshops para aprender a fazer composto e outras atividades educacionais.<\/p>\n<p>Os eventos come\u00e7am \u00e0s 10:00 da manh\u00e3.<\/p>\n<p>Voc\u00ea pode conferir a agenda completa neste link.<\/p>\n<p>Temos o pre\u00e7o imbat\u00edvel de US$ 500 por dia para seu Billboard:<\/p>\n<p><strong>Op\u00e7\u00e3o 1:<\/strong> Seu v\u00eddeo\/foto de 60 segundos ser\u00e1 exibido, 60 segundos por hora, 22 vezes por dia.<\/p>\n<p><strong>Op\u00e7\u00e3o 2:<\/strong> Seu v\u00eddeo\/foto de 30 segundos ser\u00e1 exibido, duas vezes por hora, 44 vezes por dia.<\/p>\n<p><strong>Op\u00e7\u00e3o 3:<\/strong> Seu v\u00eddeo\/foto de 15 segundos ser\u00e1 exibido 4 vezes por hora, 88 vezes por dia.<\/p>\n<p>Por favor, nos informe qual op\u00e7\u00e3o voc\u00ea gostaria de escolher. Lembre-se de que temos um tempo de resposta de 72 horas.<\/p>\n","protected":false},"excerpt":{"rendered":"Esta data \u00e9 oficialmente reconhecida pelas Na\u00e7\u00f5es Unidas e tem como objetivo conscientizar sobre quest\u00f5es como superpopula\u00e7\u00e3o, polui\u00e7\u00e3o e a necessidade de preserva\u00e7\u00e3o da biodiversidade. O primeiro protesto ocorreu em 22 de abril de 1970, liderado pelo senador e ativista ambiental Gaylord Nelson, com o objetivo de estabelecer uma ag\u00eancia ambiental. Duas mil universidades, dez [...]<a href=\"https:\/\/welcome-to-times-square.com\/pt-br\/world-earth-day-is-commemorated-every-april-22nd\/\" class=\"read-more wyz-secondary-color-text\">read more<span class=\"screen-reader-text\">O Dia Mundial da Terra \u00e9 comemorado todo dia 22 de abril<\/span><\/a>","protected":false},"author":53,"featured_media":8490,"comment_status":"open","ping_status":"open","sticky":false,"template":"","format":"standard","meta":{"footnotes":""},"categories":[163],"tags":[],"class_list":["post-9926","post","type-post","status-publish","format-standard","has-post-thumbnail","hentry","category-blog-pt-br"],"yoast_head":"<!-- This site is optimized with the Yoast SEO plugin v27.2 - https:\/\/yoast.com\/product\/yoast-seo-wordpress\/ -->\n<title>O Dia Mundial da Terra \u00e9 comemorado todo dia 22 de abril - times-square<\/title>\n<meta name=\"robots\" content=\"index, follow, max-snippet:-1, max-image-preview:large, max-video-preview:-1\" \/>\n<link rel=\"canonical\" href=\"https:\/\/welcome-to-times-square.com\/pt-br\/world-earth-day-is-commemorated-every-april-22nd\/\" \/>\n<meta property=\"og:locale\" content=\"pt_BR\" \/>\n<meta property=\"og:type\" content=\"article\" \/>\n<meta property=\"og:title\" content=\"O Dia Mundial da Terra \u00e9 comemorado todo dia 22 de abril - times-square\" \/>\n<meta property=\"og:description\" content=\"Esta data \u00e9 oficialmente reconhecida pelas Na\u00e7\u00f5es Unidas e tem como objetivo conscientizar sobre quest\u00f5es como superpopula\u00e7\u00e3o, polui\u00e7\u00e3o e a necessidade de preserva\u00e7\u00e3o da biodiversidade. O primeiro protesto ocorreu em 22 de abril de 1970, liderado pelo senador e ativista ambiental Gaylord Nelson, com o objetivo de estabelecer uma ag\u00eancia ambiental. Duas mil universidades, dez [...]read moreO Dia Mundial da Terra \u00e9 comemorado todo dia 22 de abril\" \/>\n<meta property=\"og:url\" content=\"https:\/\/welcome-to-times-square.com\/pt-br\/world-earth-day-is-commemorated-every-april-22nd\/\" \/>\n<meta property=\"og:site_name\" content=\"times-square\" \/>\n<meta property=\"article:published_time\" content=\"2024-04-19T21:03:32+00:00\" \/>\n<meta property=\"article:modified_time\" content=\"2025-01-29T12:00:26+00:00\" \/>\n<meta property=\"og:image\" content=\"https:\/\/welcome-to-times-square.com\/wp-content\/uploads\/2024\/05\/images.jpg\" \/>\n\t<meta property=\"og:image:width\" content=\"296\" \/>\n\t<meta property=\"og:image:height\" content=\"171\" \/>\n\t<meta property=\"og:image:type\" content=\"image\/jpeg\" \/>\n<meta name=\"author\" content=\"Paolasinis\" \/>\n<meta name=\"twitter:card\" content=\"summary_large_image\" \/>\n<meta name=\"twitter:label1\" content=\"Escrito por\" \/>\n\t<meta name=\"twitter:data1\" content=\"Paolasinis\" \/>\n\t<meta name=\"twitter:label2\" content=\"Est. tempo de leitura\" \/>\n\t<meta name=\"twitter:data2\" content=\"4 minutos\" \/>\n<script type=\"application\/ld+json\" class=\"yoast-schema-graph\">{\"@context\":\"https:\/\/schema.org\",\"@graph\":[{\"@type\":\"Article\",\"@id\":\"https:\/\/welcome-to-times-square.com\/pt-br\/world-earth-day-is-commemorated-every-april-22nd\/#article\",\"isPartOf\":{\"@id\":\"https:\/\/welcome-to-times-square.com\/pt-br\/world-earth-day-is-commemorated-every-april-22nd\/\"},\"author\":{\"name\":\"Paolasinis\",\"@id\":\"https:\/\/welcome-to-times-square.com\/pt-br\/#\/schema\/person\/bfe994acba17ba48e1ad8e944a1b43f9\"},\"headline\":\"O Dia Mundial da Terra \u00e9 comemorado todo dia 22 de abril\",\"datePublished\":\"2024-04-19T21:03:32+00:00\",\"dateModified\":\"2025-01-29T12:00:26+00:00\",\"mainEntityOfPage\":{\"@id\":\"https:\/\/welcome-to-times-square.com\/pt-br\/world-earth-day-is-commemorated-every-april-22nd\/\"},\"wordCount\":905,\"commentCount\":0,\"publisher\":{\"@id\":\"https:\/\/welcome-to-times-square.com\/pt-br\/#organization\"},\"image\":{\"@id\":\"https:\/\/welcome-to-times-square.com\/pt-br\/world-earth-day-is-commemorated-every-april-22nd\/#primaryimage\"},\"thumbnailUrl\":\"https:\/\/welcome-to-times-square.com\/wp-content\/uploads\/2024\/05\/images.jpg\",\"articleSection\":[\"Blog\"],\"inLanguage\":\"pt-BR\",\"potentialAction\":[{\"@type\":\"CommentAction\",\"name\":\"Comment\",\"target\":[\"https:\/\/welcome-to-times-square.com\/pt-br\/world-earth-day-is-commemorated-every-april-22nd\/#respond\"]}]},{\"@type\":\"WebPage\",\"@id\":\"https:\/\/welcome-to-times-square.com\/pt-br\/world-earth-day-is-commemorated-every-april-22nd\/\",\"url\":\"https:\/\/welcome-to-times-square.com\/pt-br\/world-earth-day-is-commemorated-every-april-22nd\/\",\"name\":\"O Dia Mundial da Terra \u00e9 comemorado todo dia 22 de abril - times-square\",\"isPartOf\":{\"@id\":\"https:\/\/welcome-to-times-square.com\/pt-br\/#website\"},\"primaryImageOfPage\":{\"@id\":\"https:\/\/welcome-to-times-square.com\/pt-br\/world-earth-day-is-commemorated-every-april-22nd\/#primaryimage\"},\"image\":{\"@id\":\"https:\/\/welcome-to-times-square.com\/pt-br\/world-earth-day-is-commemorated-every-april-22nd\/#primaryimage\"},\"thumbnailUrl\":\"https:\/\/welcome-to-times-square.com\/wp-content\/uploads\/2024\/05\/images.jpg\",\"datePublished\":\"2024-04-19T21:03:32+00:00\",\"dateModified\":\"2025-01-29T12:00:26+00:00\",\"breadcrumb\":{\"@id\":\"https:\/\/welcome-to-times-square.com\/pt-br\/world-earth-day-is-commemorated-every-april-22nd\/#breadcrumb\"},\"inLanguage\":\"pt-BR\",\"potentialAction\":[{\"@type\":\"ReadAction\",\"target\":[\"https:\/\/welcome-to-times-square.com\/pt-br\/world-earth-day-is-commemorated-every-april-22nd\/\"]}]},{\"@type\":\"ImageObject\",\"inLanguage\":\"pt-BR\",\"@id\":\"https:\/\/welcome-to-times-square.com\/pt-br\/world-earth-day-is-commemorated-every-april-22nd\/#primaryimage\",\"url\":\"https:\/\/welcome-to-times-square.com\/wp-content\/uploads\/2024\/05\/images.jpg\",\"contentUrl\":\"https:\/\/welcome-to-times-square.com\/wp-content\/uploads\/2024\/05\/images.jpg\",\"width\":296,\"height\":171,\"caption\":\"World Earth Day\"},{\"@type\":\"BreadcrumbList\",\"@id\":\"https:\/\/welcome-to-times-square.com\/pt-br\/world-earth-day-is-commemorated-every-april-22nd\/#breadcrumb\",\"itemListElement\":[{\"@type\":\"ListItem\",\"position\":1,\"name\":\"Home\",\"item\":\"https:\/\/welcome-to-times-square.com\/pt-br\/\"},{\"@type\":\"ListItem\",\"position\":2,\"name\":\"O Dia Mundial da Terra \u00e9 comemorado todo dia 22 de abril\"}]},{\"@type\":\"WebSite\",\"@id\":\"https:\/\/welcome-to-times-square.com\/pt-br\/#website\",\"url\":\"https:\/\/welcome-to-times-square.com\/pt-br\/\",\"name\":\"times-square\",\"description\":\"times-square\",\"publisher\":{\"@id\":\"https:\/\/welcome-to-times-square.com\/pt-br\/#organization\"},\"potentialAction\":[{\"@type\":\"SearchAction\",\"target\":{\"@type\":\"EntryPoint\",\"urlTemplate\":\"https:\/\/welcome-to-times-square.com\/pt-br\/?s={search_term_string}\"},\"query-input\":{\"@type\":\"PropertyValueSpecification\",\"valueRequired\":true,\"valueName\":\"search_term_string\"}}],\"inLanguage\":\"pt-BR\"},{\"@type\":\"Organization\",\"@id\":\"https:\/\/welcome-to-times-square.com\/pt-br\/#organization\",\"name\":\"times-square\",\"url\":\"https:\/\/welcome-to-times-square.com\/pt-br\/\",\"logo\":{\"@type\":\"ImageObject\",\"inLanguage\":\"pt-BR\",\"@id\":\"https:\/\/welcome-to-times-square.com\/pt-br\/#\/schema\/logo\/image\/\",\"url\":\"https:\/\/welcome-to-times-square.com\/wp-content\/uploads\/2024\/03\/welcome-to-time-square-logo-with-r.png\",\"contentUrl\":\"https:\/\/welcome-to-times-square.com\/wp-content\/uploads\/2024\/03\/welcome-to-time-square-logo-with-r.png\",\"width\":500,\"height\":342,\"caption\":\"times-square\"},\"image\":{\"@id\":\"https:\/\/welcome-to-times-square.com\/pt-br\/#\/schema\/logo\/image\/\"}},{\"@type\":\"Person\",\"@id\":\"https:\/\/welcome-to-times-square.com\/pt-br\/#\/schema\/person\/bfe994acba17ba48e1ad8e944a1b43f9\",\"name\":\"Paolasinis\",\"image\":{\"@type\":\"ImageObject\",\"inLanguage\":\"pt-BR\",\"@id\":\"https:\/\/secure.gravatar.com\/avatar\/a404602c8bcf24fd7781c896a2a21fb17e94b4bd4bec366ad138c02ba5f3b035?s=96&d=mm&r=g\",\"url\":\"https:\/\/secure.gravatar.com\/avatar\/a404602c8bcf24fd7781c896a2a21fb17e94b4bd4bec366ad138c02ba5f3b035?s=96&d=mm&r=g\",\"contentUrl\":\"https:\/\/secure.gravatar.com\/avatar\/a404602c8bcf24fd7781c896a2a21fb17e94b4bd4bec366ad138c02ba5f3b035?s=96&d=mm&r=g\",\"caption\":\"Paolasinis\"},\"url\":\"https:\/\/welcome-to-times-square.com\/pt-br\/author\/paolasinis\/\"}]}<\/script>\n<!-- \/ Yoast SEO plugin. -->","yoast_head_json":{"title":"O Dia Mundial da Terra \u00e9 comemorado todo dia 22 de abril - times-square","robots":{"index":"index","follow":"follow","max-snippet":"max-snippet:-1","max-image-preview":"max-image-preview:large","max-video-preview":"max-video-preview:-1"},"canonical":"https:\/\/welcome-to-times-square.com\/pt-br\/world-earth-day-is-commemorated-every-april-22nd\/","og_locale":"pt_BR","og_type":"article","og_title":"O Dia Mundial da Terra \u00e9 comemorado todo dia 22 de abril - times-square","og_description":"Esta data \u00e9 oficialmente reconhecida pelas Na\u00e7\u00f5es Unidas e tem como objetivo conscientizar sobre quest\u00f5es como superpopula\u00e7\u00e3o, polui\u00e7\u00e3o e a necessidade de preserva\u00e7\u00e3o da biodiversidade. O primeiro protesto ocorreu em 22 de abril de 1970, liderado pelo senador e ativista ambiental Gaylord Nelson, com o objetivo de estabelecer uma ag\u00eancia ambiental. Duas mil universidades, dez [...]read moreO Dia Mundial da Terra \u00e9 comemorado todo dia 22 de abril","og_url":"https:\/\/welcome-to-times-square.com\/pt-br\/world-earth-day-is-commemorated-every-april-22nd\/","og_site_name":"times-square","article_published_time":"2024-04-19T21:03:32+00:00","article_modified_time":"2025-01-29T12:00:26+00:00","og_image":[{"width":296,"height":171,"url":"https:\/\/welcome-to-times-square.com\/wp-content\/uploads\/2024\/05\/images.jpg","type":"image\/jpeg"}],"author":"Paolasinis","twitter_card":"summary_large_image","twitter_misc":{"Escrito por":"Paolasinis","Est. tempo de leitura":"4 minutos"},"schema":{"@context":"https:\/\/schema.org","@graph":[{"@type":"Article","@id":"https:\/\/welcome-to-times-square.com\/pt-br\/world-earth-day-is-commemorated-every-april-22nd\/#article","isPartOf":{"@id":"https:\/\/welcome-to-times-square.com\/pt-br\/world-earth-day-is-commemorated-every-april-22nd\/"},"author":{"name":"Paolasinis","@id":"https:\/\/welcome-to-times-square.com\/pt-br\/#\/schema\/person\/bfe994acba17ba48e1ad8e944a1b43f9"},"headline":"O Dia Mundial da Terra \u00e9 comemorado todo dia 22 de abril","datePublished":"2024-04-19T21:03:32+00:00","dateModified":"2025-01-29T12:00:26+00:00","mainEntityOfPage":{"@id":"https:\/\/welcome-to-times-square.com\/pt-br\/world-earth-day-is-commemorated-every-april-22nd\/"},"wordCount":905,"commentCount":0,"publisher":{"@id":"https:\/\/welcome-to-times-square.com\/pt-br\/#organization"},"image":{"@id":"https:\/\/welcome-to-times-square.com\/pt-br\/world-earth-day-is-commemorated-every-april-22nd\/#primaryimage"},"thumbnailUrl":"https:\/\/welcome-to-times-square.com\/wp-content\/uploads\/2024\/05\/images.jpg","articleSection":["Blog"],"inLanguage":"pt-BR","potentialAction":[{"@type":"CommentAction","name":"Comment","target":["https:\/\/welcome-to-times-square.com\/pt-br\/world-earth-day-is-commemorated-every-april-22nd\/#respond"]}]},{"@type":"WebPage","@id":"https:\/\/welcome-to-times-square.com\/pt-br\/world-earth-day-is-commemorated-every-april-22nd\/","url":"https:\/\/welcome-to-times-square.com\/pt-br\/world-earth-day-is-commemorated-every-april-22nd\/","name":"O Dia Mundial da Terra \u00e9 comemorado todo dia 22 de abril - times-square","isPartOf":{"@id":"https:\/\/welcome-to-times-square.com\/pt-br\/#website"},"primaryImageOfPage":{"@id":"https:\/\/welcome-to-times-square.com\/pt-br\/world-earth-day-is-commemorated-every-april-22nd\/#primaryimage"},"image":{"@id":"https:\/\/welcome-to-times-square.com\/pt-br\/world-earth-day-is-commemorated-every-april-22nd\/#primaryimage"},"thumbnailUrl":"https:\/\/welcome-to-times-square.com\/wp-content\/uploads\/2024\/05\/images.jpg","datePublished":"2024-04-19T21:03:32+00:00","dateModified":"2025-01-29T12:00:26+00:00","breadcrumb":{"@id":"https:\/\/welcome-to-times-square.com\/pt-br\/world-earth-day-is-commemorated-every-april-22nd\/#breadcrumb"},"inLanguage":"pt-BR","potentialAction":[{"@type":"ReadAction","target":["https:\/\/welcome-to-times-square.com\/pt-br\/world-earth-day-is-commemorated-every-april-22nd\/"]}]},{"@type":"ImageObject","inLanguage":"pt-BR","@id":"https:\/\/welcome-to-times-square.com\/pt-br\/world-earth-day-is-commemorated-every-april-22nd\/#primaryimage","url":"https:\/\/welcome-to-times-square.com\/wp-content\/uploads\/2024\/05\/images.jpg","contentUrl":"https:\/\/welcome-to-times-square.com\/wp-content\/uploads\/2024\/05\/images.jpg","width":296,"height":171,"caption":"World Earth Day"},{"@type":"BreadcrumbList","@id":"https:\/\/welcome-to-times-square.com\/pt-br\/world-earth-day-is-commemorated-every-april-22nd\/#breadcrumb","itemListElement":[{"@type":"ListItem","position":1,"name":"Home","item":"https:\/\/welcome-to-times-square.com\/pt-br\/"},{"@type":"ListItem","position":2,"name":"O Dia Mundial da Terra \u00e9 comemorado todo dia 22 de abril"}]},{"@type":"WebSite","@id":"https:\/\/welcome-to-times-square.com\/pt-br\/#website","url":"https:\/\/welcome-to-times-square.com\/pt-br\/","name":"times-square","description":"times-square","publisher":{"@id":"https:\/\/welcome-to-times-square.com\/pt-br\/#organization"},"potentialAction":[{"@type":"SearchAction","target":{"@type":"EntryPoint","urlTemplate":"https:\/\/welcome-to-times-square.com\/pt-br\/?s={search_term_string}"},"query-input":{"@type":"PropertyValueSpecification","valueRequired":true,"valueName":"search_term_string"}}],"inLanguage":"pt-BR"},{"@type":"Organization","@id":"https:\/\/welcome-to-times-square.com\/pt-br\/#organization","name":"times-square","url":"https:\/\/welcome-to-times-square.com\/pt-br\/","logo":{"@type":"ImageObject","inLanguage":"pt-BR","@id":"https:\/\/welcome-to-times-square.com\/pt-br\/#\/schema\/logo\/image\/","url":"https:\/\/welcome-to-times-square.com\/wp-content\/uploads\/2024\/03\/welcome-to-time-square-logo-with-r.png","contentUrl":"https:\/\/welcome-to-times-square.com\/wp-content\/uploads\/2024\/03\/welcome-to-time-square-logo-with-r.png","width":500,"height":342,"caption":"times-square"},"image":{"@id":"https:\/\/welcome-to-times-square.com\/pt-br\/#\/schema\/logo\/image\/"}},{"@type":"Person","@id":"https:\/\/welcome-to-times-square.com\/pt-br\/#\/schema\/person\/bfe994acba17ba48e1ad8e944a1b43f9","name":"Paolasinis","image":{"@type":"ImageObject","inLanguage":"pt-BR","@id":"https:\/\/secure.gravatar.com\/avatar\/a404602c8bcf24fd7781c896a2a21fb17e94b4bd4bec366ad138c02ba5f3b035?s=96&d=mm&r=g","url":"https:\/\/secure.gravatar.com\/avatar\/a404602c8bcf24fd7781c896a2a21fb17e94b4bd4bec366ad138c02ba5f3b035?s=96&d=mm&r=g","contentUrl":"https:\/\/secure.gravatar.com\/avatar\/a404602c8bcf24fd7781c896a2a21fb17e94b4bd4bec366ad138c02ba5f3b035?s=96&d=mm&r=g","caption":"Paolasinis"},"url":"https:\/\/welcome-to-times-square.com\/pt-br\/author\/paolasinis\/"}]}},"_links":{"self":[{"href":"https:\/\/welcome-to-times-square.com\/pt-br\/wp-json\/wp\/v2\/posts\/9926","targetHints":{"allow":["GET"]}}],"collection":[{"href":"https:\/\/welcome-to-times-square.com\/pt-br\/wp-json\/wp\/v2\/posts"}],"about":[{"href":"https:\/\/welcome-to-times-square.com\/pt-br\/wp-json\/wp\/v2\/types\/post"}],"author":[{"embeddable":true,"href":"https:\/\/welcome-to-times-square.com\/pt-br\/wp-json\/wp\/v2\/users\/53"}],"replies":[{"embeddable":true,"href":"https:\/\/welcome-to-times-square.com\/pt-br\/wp-json\/wp\/v2\/comments?post=9926"}],"version-history":[{"count":0,"href":"https:\/\/welcome-to-times-square.com\/pt-br\/wp-json\/wp\/v2\/posts\/9926\/revisions"}],"wp:featuredmedia":[{"embeddable":true,"href":"https:\/\/welcome-to-times-square.com\/pt-br\/wp-json\/wp\/v2\/media\/8490"}],"wp:attachment":[{"href":"https:\/\/welcome-to-times-square.com\/pt-br\/wp-json\/wp\/v2\/media?parent=9926"}],"wp:term":[{"taxonomy":"category","embeddable":true,"href":"https:\/\/welcome-to-times-square.com\/pt-br\/wp-json\/wp\/v2\/categories?post=9926"},{"taxonomy":"post_tag","embeddable":true,"href":"https:\/\/welcome-to-times-square.com\/pt-br\/wp-json\/wp\/v2\/tags?post=9926"}],"curies":[{"name":"wp","href":"https:\/\/api.w.org\/{rel}","templated":true}]}}